{"id":7899,"date":"2024-11-28T16:45:16","date_gmt":"2024-11-28T15:45:16","guid":{"rendered":"https:\/\/giflex.it\/?p=7899"},"modified":"2024-11-29T18:17:35","modified_gmt":"2024-11-29T17:17:35","slug":"il-flessibile-e-la-rendicontazione-della-sostenibilita","status":"publish","type":"post","link":"https:\/\/giflex.it\/en\/2024\/11\/28\/il-flessibile-e-la-rendicontazione-della-sostenibilita\/","title":{"rendered":"Il Flessibile e la rendicontazione della sostenibilit\u00e0"},"content":{"rendered":"<div id=\"attachment_7900\" style=\"width: 273px\" class=\"wp-caption alignleft\"><img loading=\"lazy\" decoding=\"async\" aria-describedby=\"caption-attachment-7900\" class=\"wp-image-7900 \" src=\"https:\/\/giflex.it\/wp-content\/uploads\/sites\/5\/2024\/11\/Foto-editoriale-NL-Giflex_Bottazzoli-300x300.png\" alt=\"\" width=\"263\" height=\"263\" \/><p id=\"caption-attachment-7900\" class=\"wp-caption-text\">Elisabetta Bottazzoli, Responsabile Sostenibilit\u00e0 Federazione Carta e Grafica<\/p><\/div>\n<p>In occasione del convegno \u201cCon il flessibile si pu\u00f2!\u201d, organizzato da Giflex, a Torino, lo scorso 25 ottobre, sono stati illustrati i risultati di un\u2019indagine relativa all\u2019impegno delle aziende del settore nella <strong>rendicontazione degli impatti ambientali e sociali<\/strong>, con un focus sulla tipologia di strumenti di <em>governance<\/em> atti a presidiare i temi della sostenibilit\u00e0.<\/p>\n<p>Il campione analizzato, pari a circa il 40% in termini di fatturato, redige il Report secondo gli standard del <em>Global Reporting Initiative<\/em> (GRI) e alcune aziende si stanno gi\u00e0 confrontando con gli <em>European Sustainability Reporting Standard<\/em> (ESRS) per le attivit\u00e0 future anche in vista dell&#8217;obbligatoriet\u00e0 e delle novit\u00e0 introdotte dalla Direttiva CSRD<a href=\"#_ftn1\" name=\"_ftnref1\">[1]<\/a>, tra cui l\u2019analisi dei rischi e la \u00abcostruzione della doppia rilevanza\u00bb. Entrando nel dettaglio, l\u201982% del campione crea correlazione tra le proprie performance e il contributo al perseguimento dei 17 obiettivi di sviluppo sostenibile dell\u2019Agenda 2030, mostrando maturit\u00e0 nel presidio dei temi seppur con margini di miglioramento in termini di piena comprensione delle proprie responsabilit\u00e0.<\/p>\n<p>Al fine di sostanziare con maggior efficacia gli indicatori di rendicontazione si propone di rendere evidente la corrispondenza tra gli SDGs e i propri temi rilevanti. In riferimento a questi ultimi, il 100% del campione ha come rilevanti i temi <em>salute e sicurezza dei lavoratori<\/em>, declinato anche come benessere, e <em>qualit\u00e0 e sicurezza del prodotto<\/em>, sovente correlato <em>all\u2019eco-design<\/em>. Il 73% ha come rilevante la <em>gestione responsabile della catena di fornitura<\/em> presidiata grazie a idonei strumenti di monitoraggio e analisi, nonch\u00e9 a sistemi di qualificazione dei fornitori e audit di parte terza. L\u201982% ha come rilevante la <em>gestione dei rifiuti<\/em> oltre alla <em>gestione delle risorse idriche<\/em> (55%), declinata anche responsabilit\u00e0 nella <em>gestione degli scarichi idrici<\/em>. Materiale per l\u201982% \u00e8 il tema dell\u2019<em>efficienza energetica, emissioni e lotta al cambiamento climatico<\/em>: scope 1 e 2 sono puntualmente rendicontate, mentre il 27% \u00e8 impegnato su scope 3.<\/p>\n<p>In ottica di miglioramento, \u00e8 ipotizzabile un\u2019attenzione maggiore verso il processo di ingaggio degli stakeholder e nell\u2019attivit\u00e0 di analisi del contesto \u2013 di mercato e normativo \u2013 soprattutto per le organizzazioni che hanno relazioni stabili fuori dall\u2019Italia.<\/p>\n<p>Tra le raccomandazioni si suggeriscono: una maggiore attenzione alla descrizione del ciclo di produzione per la piena comprensione degli impatti, effettivi e potenziali, e un pi\u00f9 proficuo confronto con gli stakeholder; fornire pi\u00f9 dettagli sui sistemi e gli strumenti di gestione \u2013 misurazione &#8211; monitoraggio degli impatti e dei rischi ambientali, sociali, economiche e di governance. Entrambi questi punti comportano vantaggi in termini di governo delle criticit\u00e0 e degli eventuali scostamenti dagli obiettivi, in chiave di reputazione e, conseguentemente, di posizionamento nel mercato.<\/p>\n<p>________________________________________________<br \/>\n<a href=\"#_ftnref1\" name=\"_ftn1\">[1]<\/a> Recepita con il D.lgs125 del 25 settembre 2024<\/p>\n","protected":false},"excerpt":{"rendered":"<p>In occasione del convegno \u201cCon il flessibile si pu\u00f2!\u201d, organizzato da Giflex, a Torino, lo scorso 25 ottobre, sono stati illustrati i risultati di un\u2019indagine relativa all\u2019impegno delle aziende del settore nella rendicontazione degli impatti ambientali e sociali, con un focus sulla tipologia di strumenti di governance atti a presidiare i temi della sostenibilit\u00e0. Il [&hellip;]<\/p>\n","protected":false},"author":9,"featured_media":7900,"comment_status":"closed","ping_status":"closed","sticky":false,"template":"","format":"standard","meta":{"_acf_changed":false,"_et_pb_use_builder":"","_et_pb_old_content":"","_et_gb_content_width":"","inline_featured_image":false,"footnotes":""},"categories":[75],"tags":[],"fonte":[174],"posizione":[7],"class_list":["post-7899","post","type-post","status-publish","format-standard","has-post-thumbnail","hentry","category-sostenibilita","fonte-giflex","posizione-news-giflex"],"acf":[],"yoast_head":"<!-- This site is optimized with the Yoast SEO plugin v27.5 - https:\/\/yoast.com\/product\/yoast-seo-wordpress\/ -->\n<title>Il Flessibile e la rendicontazione della sostenibilit\u00e0 - Giflex<\/title>\n<meta name=\"robots\" content=\"index, follow, max-snippet:-1, max-image-preview:large, max-video-preview:-1\" \/>\n<link rel=\"canonical\" href=\"https:\/\/giflex.it\/2024\/11\/28\/il-flessibile-e-la-rendicontazione-della-sostenibilita\/\" \/>\n<meta property=\"og:locale\" content=\"en_US\" \/>\n<meta property=\"og:type\" content=\"article\" \/>\n<meta property=\"og:title\" content=\"Il Flessibile e la rendicontazione della sostenibilit\u00e0 - Giflex\" \/>\n<meta property=\"og:description\" content=\"In occasione del convegno \u201cCon il flessibile si pu\u00f2!\u201d, organizzato da Giflex, a Torino, lo scorso 25 ottobre, sono stati illustrati i risultati di un\u2019indagine relativa all\u2019impegno delle aziende del settore nella rendicontazione degli impatti ambientali e sociali, con un focus sulla tipologia di strumenti di governance atti a presidiare i temi della sostenibilit\u00e0. Il [&hellip;]\" \/>\n<meta property=\"og:url\" content=\"https:\/\/giflex.it\/2024\/11\/28\/il-flessibile-e-la-rendicontazione-della-sostenibilita\/\" \/>\n<meta property=\"og:site_name\" content=\"Giflex\" \/>\n<meta property=\"article:published_time\" content=\"2024-11-28T15:45:16+00:00\" \/>\n<meta property=\"article:modified_time\" content=\"2024-11-29T17:17:35+00:00\" \/>\n<meta property=\"og:image\" content=\"https:\/\/giflex.it\/wp-content\/uploads\/sites\/5\/2024\/11\/Foto-editoriale-NL-Giflex_Bottazzoli.png\" \/>\n\t<meta property=\"og:image:width\" content=\"1080\" \/>\n\t<meta property=\"og:image:height\" content=\"1080\" \/>\n\t<meta property=\"og:image:type\" content=\"image\/png\" \/>\n<meta name=\"author\" content=\"elena\" \/>\n<meta name=\"twitter:card\" content=\"summary_large_image\" \/>\n<meta name=\"twitter:label1\" content=\"Written by\" \/>\n\t<meta name=\"twitter:data1\" content=\"elena\" \/>\n\t<meta name=\"twitter:label2\" content=\"Est. reading time\" \/>\n\t<meta name=\"twitter:data2\" content=\"3 minutes\" \/>\n<script type=\"application\/ld+json\" class=\"yoast-schema-graph\">{\"@context\":\"https:\\\/\\\/schema.org\",\"@graph\":[{\"@type\":\"Article\",\"@id\":\"https:\\\/\\\/giflex.it\\\/2024\\\/11\\\/28\\\/il-flessibile-e-la-rendicontazione-della-sostenibilita\\\/#article\",\"isPartOf\":{\"@id\":\"https:\\\/\\\/giflex.it\\\/2024\\\/11\\\/28\\\/il-flessibile-e-la-rendicontazione-della-sostenibilita\\\/\"},\"author\":{\"name\":\"elena\",\"@id\":\"https:\\\/\\\/giflex.it\\\/#\\\/schema\\\/person\\\/41056efa2ab4cc1ae4953882b8ec42d6\"},\"headline\":\"Il Flessibile e la rendicontazione della sostenibilit\u00e0\",\"datePublished\":\"2024-11-28T15:45:16+00:00\",\"dateModified\":\"2024-11-29T17:17:35+00:00\",\"mainEntityOfPage\":{\"@id\":\"https:\\\/\\\/giflex.it\\\/2024\\\/11\\\/28\\\/il-flessibile-e-la-rendicontazione-della-sostenibilita\\\/\"},\"wordCount\":446,\"image\":{\"@id\":\"https:\\\/\\\/giflex.it\\\/2024\\\/11\\\/28\\\/il-flessibile-e-la-rendicontazione-della-sostenibilita\\\/#primaryimage\"},\"thumbnailUrl\":\"https:\\\/\\\/giflex.it\\\/wp-content\\\/uploads\\\/sites\\\/5\\\/2024\\\/11\\\/Foto-editoriale-NL-Giflex_Bottazzoli.png\",\"articleSection\":[\"Sostenibilit\u00e0\"],\"inLanguage\":\"en-US\"},{\"@type\":\"WebPage\",\"@id\":\"https:\\\/\\\/giflex.it\\\/2024\\\/11\\\/28\\\/il-flessibile-e-la-rendicontazione-della-sostenibilita\\\/\",\"url\":\"https:\\\/\\\/giflex.it\\\/2024\\\/11\\\/28\\\/il-flessibile-e-la-rendicontazione-della-sostenibilita\\\/\",\"name\":\"Il Flessibile e la rendicontazione della sostenibilit\u00e0 - Giflex\",\"isPartOf\":{\"@id\":\"https:\\\/\\\/giflex.it\\\/#website\"},\"primaryImageOfPage\":{\"@id\":\"https:\\\/\\\/giflex.it\\\/2024\\\/11\\\/28\\\/il-flessibile-e-la-rendicontazione-della-sostenibilita\\\/#primaryimage\"},\"image\":{\"@id\":\"https:\\\/\\\/giflex.it\\\/2024\\\/11\\\/28\\\/il-flessibile-e-la-rendicontazione-della-sostenibilita\\\/#primaryimage\"},\"thumbnailUrl\":\"https:\\\/\\\/giflex.it\\\/wp-content\\\/uploads\\\/sites\\\/5\\\/2024\\\/11\\\/Foto-editoriale-NL-Giflex_Bottazzoli.png\",\"datePublished\":\"2024-11-28T15:45:16+00:00\",\"dateModified\":\"2024-11-29T17:17:35+00:00\",\"author\":{\"@id\":\"https:\\\/\\\/giflex.it\\\/#\\\/schema\\\/person\\\/41056efa2ab4cc1ae4953882b8ec42d6\"},\"breadcrumb\":{\"@id\":\"https:\\\/\\\/giflex.it\\\/2024\\\/11\\\/28\\\/il-flessibile-e-la-rendicontazione-della-sostenibilita\\\/#breadcrumb\"},\"inLanguage\":\"en-US\",\"potentialAction\":[{\"@type\":\"ReadAction\",\"target\":[\"https:\\\/\\\/giflex.it\\\/2024\\\/11\\\/28\\\/il-flessibile-e-la-rendicontazione-della-sostenibilita\\\/\"]}]},{\"@type\":\"ImageObject\",\"inLanguage\":\"en-US\",\"@id\":\"https:\\\/\\\/giflex.it\\\/2024\\\/11\\\/28\\\/il-flessibile-e-la-rendicontazione-della-sostenibilita\\\/#primaryimage\",\"url\":\"https:\\\/\\\/giflex.it\\\/wp-content\\\/uploads\\\/sites\\\/5\\\/2024\\\/11\\\/Foto-editoriale-NL-Giflex_Bottazzoli.png\",\"contentUrl\":\"https:\\\/\\\/giflex.it\\\/wp-content\\\/uploads\\\/sites\\\/5\\\/2024\\\/11\\\/Foto-editoriale-NL-Giflex_Bottazzoli.png\",\"width\":1080,\"height\":1080},{\"@type\":\"BreadcrumbList\",\"@id\":\"https:\\\/\\\/giflex.it\\\/2024\\\/11\\\/28\\\/il-flessibile-e-la-rendicontazione-della-sostenibilita\\\/#breadcrumb\",\"itemListElement\":[{\"@type\":\"ListItem\",\"position\":1,\"name\":\"Home\",\"item\":\"https:\\\/\\\/giflex.it\\\/\"},{\"@type\":\"ListItem\",\"position\":2,\"name\":\"Il Flessibile e la rendicontazione della sostenibilit\u00e0\"}]},{\"@type\":\"WebSite\",\"@id\":\"https:\\\/\\\/giflex.it\\\/#website\",\"url\":\"https:\\\/\\\/giflex.it\\\/\",\"name\":\"Giflex\",\"description\":\"Italian Flexible Packaging Association\",\"potentialAction\":[{\"@type\":\"SearchAction\",\"target\":{\"@type\":\"EntryPoint\",\"urlTemplate\":\"https:\\\/\\\/giflex.it\\\/?s={search_term_string}\"},\"query-input\":{\"@type\":\"PropertyValueSpecification\",\"valueRequired\":true,\"valueName\":\"search_term_string\"}}],\"inLanguage\":\"en-US\"},{\"@type\":\"Person\",\"@id\":\"https:\\\/\\\/giflex.it\\\/#\\\/schema\\\/person\\\/41056efa2ab4cc1ae4953882b8ec42d6\",\"name\":\"elena\",\"image\":{\"@type\":\"ImageObject\",\"inLanguage\":\"en-US\",\"@id\":\"https:\\\/\\\/secure.gravatar.com\\\/avatar\\\/d525111e4e1ae5a4d80e26ec00a9d4a6b805b9bc83c81680c793b7ffc261ca2b?s=96&d=mm&r=g\",\"url\":\"https:\\\/\\\/secure.gravatar.com\\\/avatar\\\/d525111e4e1ae5a4d80e26ec00a9d4a6b805b9bc83c81680c793b7ffc261ca2b?s=96&d=mm&r=g\",\"contentUrl\":\"https:\\\/\\\/secure.gravatar.com\\\/avatar\\\/d525111e4e1ae5a4d80e26ec00a9d4a6b805b9bc83c81680c793b7ffc261ca2b?s=96&d=mm&r=g\",\"caption\":\"elena\"},\"url\":\"https:\\\/\\\/giflex.it\\\/en\\\/author\\\/elena\\\/\"}]}<\/script>\n<!-- \/ Yoast SEO plugin. -->","yoast_head_json":{"title":"Il Flessibile e la rendicontazione della sostenibilit\u00e0 - Giflex","robots":{"index":"index","follow":"follow","max-snippet":"max-snippet:-1","max-image-preview":"max-image-preview:large","max-video-preview":"max-video-preview:-1"},"canonical":"https:\/\/giflex.it\/2024\/11\/28\/il-flessibile-e-la-rendicontazione-della-sostenibilita\/","og_locale":"en_US","og_type":"article","og_title":"Il Flessibile e la rendicontazione della sostenibilit\u00e0 - Giflex","og_description":"In occasione del convegno \u201cCon il flessibile si pu\u00f2!\u201d, organizzato da Giflex, a Torino, lo scorso 25 ottobre, sono stati illustrati i risultati di un\u2019indagine relativa all\u2019impegno delle aziende del settore nella rendicontazione degli impatti ambientali e sociali, con un focus sulla tipologia di strumenti di governance atti a presidiare i temi della sostenibilit\u00e0. Il [&hellip;]","og_url":"https:\/\/giflex.it\/2024\/11\/28\/il-flessibile-e-la-rendicontazione-della-sostenibilita\/","og_site_name":"Giflex","article_published_time":"2024-11-28T15:45:16+00:00","article_modified_time":"2024-11-29T17:17:35+00:00","og_image":[{"width":1080,"height":1080,"url":"https:\/\/giflex.it\/wp-content\/uploads\/sites\/5\/2024\/11\/Foto-editoriale-NL-Giflex_Bottazzoli.png","type":"image\/png"}],"author":"elena","twitter_card":"summary_large_image","twitter_misc":{"Written by":"elena","Est. reading time":"3 minutes"},"schema":{"@context":"https:\/\/schema.org","@graph":[{"@type":"Article","@id":"https:\/\/giflex.it\/2024\/11\/28\/il-flessibile-e-la-rendicontazione-della-sostenibilita\/#article","isPartOf":{"@id":"https:\/\/giflex.it\/2024\/11\/28\/il-flessibile-e-la-rendicontazione-della-sostenibilita\/"},"author":{"name":"elena","@id":"https:\/\/giflex.it\/#\/schema\/person\/41056efa2ab4cc1ae4953882b8ec42d6"},"headline":"Il Flessibile e la rendicontazione della sostenibilit\u00e0","datePublished":"2024-11-28T15:45:16+00:00","dateModified":"2024-11-29T17:17:35+00:00","mainEntityOfPage":{"@id":"https:\/\/giflex.it\/2024\/11\/28\/il-flessibile-e-la-rendicontazione-della-sostenibilita\/"},"wordCount":446,"image":{"@id":"https:\/\/giflex.it\/2024\/11\/28\/il-flessibile-e-la-rendicontazione-della-sostenibilita\/#primaryimage"},"thumbnailUrl":"https:\/\/giflex.it\/wp-content\/uploads\/sites\/5\/2024\/11\/Foto-editoriale-NL-Giflex_Bottazzoli.png","articleSection":["Sostenibilit\u00e0"],"inLanguage":"en-US"},{"@type":"WebPage","@id":"https:\/\/giflex.it\/2024\/11\/28\/il-flessibile-e-la-rendicontazione-della-sostenibilita\/","url":"https:\/\/giflex.it\/2024\/11\/28\/il-flessibile-e-la-rendicontazione-della-sostenibilita\/","name":"Il Flessibile e la rendicontazione della sostenibilit\u00e0 - Giflex","isPartOf":{"@id":"https:\/\/giflex.it\/#website"},"primaryImageOfPage":{"@id":"https:\/\/giflex.it\/2024\/11\/28\/il-flessibile-e-la-rendicontazione-della-sostenibilita\/#primaryimage"},"image":{"@id":"https:\/\/giflex.it\/2024\/11\/28\/il-flessibile-e-la-rendicontazione-della-sostenibilita\/#primaryimage"},"thumbnailUrl":"https:\/\/giflex.it\/wp-content\/uploads\/sites\/5\/2024\/11\/Foto-editoriale-NL-Giflex_Bottazzoli.png","datePublished":"2024-11-28T15:45:16+00:00","dateModified":"2024-11-29T17:17:35+00:00","author":{"@id":"https:\/\/giflex.it\/#\/schema\/person\/41056efa2ab4cc1ae4953882b8ec42d6"},"breadcrumb":{"@id":"https:\/\/giflex.it\/2024\/11\/28\/il-flessibile-e-la-rendicontazione-della-sostenibilita\/#breadcrumb"},"inLanguage":"en-US","potentialAction":[{"@type":"ReadAction","target":["https:\/\/giflex.it\/2024\/11\/28\/il-flessibile-e-la-rendicontazione-della-sostenibilita\/"]}]},{"@type":"ImageObject","inLanguage":"en-US","@id":"https:\/\/giflex.it\/2024\/11\/28\/il-flessibile-e-la-rendicontazione-della-sostenibilita\/#primaryimage","url":"https:\/\/giflex.it\/wp-content\/uploads\/sites\/5\/2024\/11\/Foto-editoriale-NL-Giflex_Bottazzoli.png","contentUrl":"https:\/\/giflex.it\/wp-content\/uploads\/sites\/5\/2024\/11\/Foto-editoriale-NL-Giflex_Bottazzoli.png","width":1080,"height":1080},{"@type":"BreadcrumbList","@id":"https:\/\/giflex.it\/2024\/11\/28\/il-flessibile-e-la-rendicontazione-della-sostenibilita\/#breadcrumb","itemListElement":[{"@type":"ListItem","position":1,"name":"Home","item":"https:\/\/giflex.it\/"},{"@type":"ListItem","position":2,"name":"Il Flessibile e la rendicontazione della sostenibilit\u00e0"}]},{"@type":"WebSite","@id":"https:\/\/giflex.it\/#website","url":"https:\/\/giflex.it\/","name":"Giflex","description":"Italian Flexible Packaging Association","potentialAction":[{"@type":"SearchAction","target":{"@type":"EntryPoint","urlTemplate":"https:\/\/giflex.it\/?s={search_term_string}"},"query-input":{"@type":"PropertyValueSpecification","valueRequired":true,"valueName":"search_term_string"}}],"inLanguage":"en-US"},{"@type":"Person","@id":"https:\/\/giflex.it\/#\/schema\/person\/41056efa2ab4cc1ae4953882b8ec42d6","name":"elena","image":{"@type":"ImageObject","inLanguage":"en-US","@id":"https:\/\/secure.gravatar.com\/avatar\/d525111e4e1ae5a4d80e26ec00a9d4a6b805b9bc83c81680c793b7ffc261ca2b?s=96&d=mm&r=g","url":"https:\/\/secure.gravatar.com\/avatar\/d525111e4e1ae5a4d80e26ec00a9d4a6b805b9bc83c81680c793b7ffc261ca2b?s=96&d=mm&r=g","contentUrl":"https:\/\/secure.gravatar.com\/avatar\/d525111e4e1ae5a4d80e26ec00a9d4a6b805b9bc83c81680c793b7ffc261ca2b?s=96&d=mm&r=g","caption":"elena"},"url":"https:\/\/giflex.it\/en\/author\/elena\/"}]}},"_links":{"self":[{"href":"https:\/\/giflex.it\/en\/wp-json\/wp\/v2\/posts\/7899","targetHints":{"allow":["GET"]}}],"collection":[{"href":"https:\/\/giflex.it\/en\/wp-json\/wp\/v2\/posts"}],"about":[{"href":"https:\/\/giflex.it\/en\/wp-json\/wp\/v2\/types\/post"}],"author":[{"embeddable":true,"href":"https:\/\/giflex.it\/en\/wp-json\/wp\/v2\/users\/9"}],"replies":[{"embeddable":true,"href":"https:\/\/giflex.it\/en\/wp-json\/wp\/v2\/comments?post=7899"}],"version-history":[{"count":3,"href":"https:\/\/giflex.it\/en\/wp-json\/wp\/v2\/posts\/7899\/revisions"}],"predecessor-version":[{"id":7912,"href":"https:\/\/giflex.it\/en\/wp-json\/wp\/v2\/posts\/7899\/revisions\/7912"}],"wp:featuredmedia":[{"embeddable":true,"href":"https:\/\/giflex.it\/en\/wp-json\/wp\/v2\/media\/7900"}],"wp:attachment":[{"href":"https:\/\/giflex.it\/en\/wp-json\/wp\/v2\/media?parent=7899"}],"wp:term":[{"taxonomy":"category","embeddable":true,"href":"https:\/\/giflex.it\/en\/wp-json\/wp\/v2\/categories?post=7899"},{"taxonomy":"post_tag","embeddable":true,"href":"https:\/\/giflex.it\/en\/wp-json\/wp\/v2\/tags?post=7899"},{"taxonomy":"fonte","embeddable":true,"href":"https:\/\/giflex.it\/en\/wp-json\/wp\/v2\/fonte?post=7899"},{"taxonomy":"posizione","embeddable":true,"href":"https:\/\/giflex.it\/en\/wp-json\/wp\/v2\/posizione?post=7899"}],"curies":[{"name":"wp","href":"https:\/\/api.w.org\/{rel}","templated":true}]}}