{"id":7857,"date":"2024-10-31T18:20:36","date_gmt":"2024-10-31T17:20:36","guid":{"rendered":"https:\/\/giflex.it\/?p=7857"},"modified":"2024-10-31T18:20:20","modified_gmt":"2024-10-31T17:20:20","slug":"il-flessibile-e-una-storia-da-raccontare","status":"publish","type":"post","link":"https:\/\/giflex.it\/en\/2024\/10\/31\/il-flessibile-e-una-storia-da-raccontare\/","title":{"rendered":"Il flessibile \u00e8 una storia da raccontare"},"content":{"rendered":"<p><strong><img loading=\"lazy\" decoding=\"async\" class=\"size-medium wp-image-7858 alignleft\" src=\"https:\/\/giflex.it\/wp-content\/uploads\/sites\/5\/2024\/10\/Flexible-packaging-storytelling-storie-300x170.png\" alt=\"\" width=\"300\" height=\"170\" \/>\u201cFLEXIBLE PACKAGING STORYTELLING. Un metodo generativo per raccontare la value story dell\u2019imballaggio flessibile\u201d <\/strong>\u00e8 la nuova pubblicazione di Giflex in continuit\u00e0 con la ricerca \u201c<strong>VALORIZZARE GLI IMBALLAGGI FLESSIBILI Osservare l\u2019innovazione, definire l\u2019identit\u00e0, raccontare la value story\u201d<\/strong> condotta da <strong>Osservatorio Innovazione Packaging, ADU &#8211; Advanced Design Unit Dipartimento di Architettura, Alma Mater Studiorum &#8211; Universit\u00e0 di Bologna<\/strong> nel periodo gennaio-dicembre 2022 (<em>Gruppo di lavoro: Flaviano Celaschi, responsabile scientifico Advanced Design Unit, Ricerca realizzata da Clara Giardina, Erik Ciravegna e Davide Pletto con la collaborazione di Estefan\u00eda Ortega ed Erica Polesso<\/em>).<\/p>\n<p>La ricerca ha avuto l\u2019obiettivo di capire quali siano le qualit\u00e0 di questo oggetto, i benefici che offre e come valorizzarli proprio attraverso delle storie. La ricerca ha indagato anche come il packaging flessibile genera valore, individuando i &#8220;value driver&#8221;, vere e proprie direttrici di innovazione per il settore. Sistemi di ricarica, materiali innovativi, alleggerimento e rigid to-flex, integrazione di tecnologie digitali, potenziamento dell&#8217;easy open, comunicazione e sensibilizzazione sociale\u2026 Con il flessibile si pu\u00f2!<\/p>\n<p>Il packaging flessibile, insomma, \u00e8 un po&#8217; come un \u201coggetto magico\u201d che ci aiuta nelle sfide della vita quotidiana e a superare gli imprevisti.<\/p>\n<p>Questo &#8220;oggetto magico&#8221; \u00e8 al centro di un metodo di storytelling sviluppato appositamente per il packaging flessibile disponibile per tutti i soci GIFLEX. Il metodo \u00e8 stato sperimentato in workshop di co-creazione con gli attori della filiera. Sono quattro passaggi, tipici delle strutture narrative classiche, che vedono l&#8217;eroe o l\u2019eroina &#8211; l&#8217;utente finale &#8211; superare diverse prove<\/p>\n<p>Con questo metodo, ogni situazione pu\u00f2 trasformarsi in una storia di valore dove l\u2019imballaggio flessibile aiuta a risolvere problemi e soddisfare necessit\u00e0. A dimostrarlo sono le illustrazioni, realizzate dal gruppo di Facilitazione Visuale, nel <strong>manuale di Flexible Packaging Storytelling<\/strong>.<\/p>\n<p>Come dimostra il lavoro di ricerca e sperimentazione del metodo narrativo applicato alla creazione di storie di valore, il packaging flessibile \u00e8 molto pi\u00f9 di quello che sembra. \u00c8 innovazione e creativit\u00e0, al servizio della sostenibilit\u00e0. \u00c8 la capacit\u00e0 di rispondere alle sfide del presente e di immaginare un futuro migliore.<\/p>\n<p><strong>FLEXIBLE PACKAGING STORYTELLING. Un metodo generativo per raccontare la value story dell\u2019imballaggio flessibile.<\/strong> Contenuti e impaginazione a cura di Erik Ciravegna, Illustrazioni di Monica Diari, Erika Samsa e Marielle Binken (<a href=\"https:\/\/www.facilitazionevisuale.it\">https:\/\/www.facilitazionevisuale.it<\/a>).<\/p>\n","protected":false},"excerpt":{"rendered":"<p>\u201cFLEXIBLE PACKAGING STORYTELLING. Un metodo generativo per raccontare la value story dell\u2019imballaggio flessibile\u201d \u00e8 la nuova pubblicazione di Giflex in continuit\u00e0 con la ricerca \u201cVALORIZZARE GLI IMBALLAGGI FLESSIBILI Osservare l\u2019innovazione, definire l\u2019identit\u00e0, raccontare la value story\u201d condotta da Osservatorio Innovazione Packaging, ADU &#8211; Advanced Design Unit Dipartimento di Architettura, Alma Mater Studiorum &#8211; Universit\u00e0 di [&hellip;]<\/p>\n","protected":false},"author":9,"featured_media":7858,"comment_status":"closed","ping_status":"closed","sticky":false,"template":"","format":"standard","meta":{"_acf_changed":false,"_et_pb_use_builder":"","_et_pb_old_content":"","_et_gb_content_width":"","inline_featured_image":false,"footnotes":""},"categories":[199],"tags":[],"fonte":[174],"posizione":[31,7],"class_list":["post-7857","post","type-post","status-publish","format-standard","has-post-thumbnail","hentry","category-pubblicazioni","fonte-giflex","posizione-iniziative","posizione-news-giflex"],"acf":[],"yoast_head":"<!-- This site is optimized with the Yoast SEO plugin v27.5 - https:\/\/yoast.com\/product\/yoast-seo-wordpress\/ -->\n<title>Il flessibile \u00e8 una storia da raccontare - Giflex<\/title>\n<meta name=\"robots\" content=\"index, follow, max-snippet:-1, max-image-preview:large, max-video-preview:-1\" \/>\n<link rel=\"canonical\" href=\"https:\/\/giflex.it\/2024\/10\/31\/il-flessibile-e-una-storia-da-raccontare\/\" \/>\n<meta property=\"og:locale\" content=\"en_US\" \/>\n<meta property=\"og:type\" content=\"article\" \/>\n<meta property=\"og:title\" content=\"Il flessibile \u00e8 una storia da raccontare - Giflex\" \/>\n<meta property=\"og:description\" content=\"\u201cFLEXIBLE PACKAGING STORYTELLING. Un metodo generativo per raccontare la value story dell\u2019imballaggio flessibile\u201d \u00e8 la nuova pubblicazione di Giflex in continuit\u00e0 con la ricerca \u201cVALORIZZARE GLI IMBALLAGGI FLESSIBILI Osservare l\u2019innovazione, definire l\u2019identit\u00e0, raccontare la value story\u201d condotta da Osservatorio Innovazione Packaging, ADU &#8211; Advanced Design Unit Dipartimento di Architettura, Alma Mater Studiorum &#8211; Universit\u00e0 di [&hellip;]\" \/>\n<meta property=\"og:url\" content=\"https:\/\/giflex.it\/2024\/10\/31\/il-flessibile-e-una-storia-da-raccontare\/\" \/>\n<meta property=\"og:site_name\" content=\"Giflex\" \/>\n<meta property=\"article:published_time\" content=\"2024-10-31T17:20:36+00:00\" \/>\n<meta property=\"og:image\" content=\"https:\/\/giflex.it\/wp-content\/uploads\/sites\/5\/2024\/10\/Flexible-packaging-storytelling-storie.png\" \/>\n\t<meta property=\"og:image:width\" content=\"1011\" \/>\n\t<meta property=\"og:image:height\" content=\"572\" \/>\n\t<meta property=\"og:image:type\" content=\"image\/png\" \/>\n<meta name=\"author\" content=\"elena\" \/>\n<meta name=\"twitter:card\" content=\"summary_large_image\" \/>\n<meta name=\"twitter:label1\" content=\"Written by\" \/>\n\t<meta name=\"twitter:data1\" content=\"elena\" \/>\n\t<meta name=\"twitter:label2\" content=\"Est. reading time\" \/>\n\t<meta name=\"twitter:data2\" content=\"3 minutes\" \/>\n<script type=\"application\/ld+json\" class=\"yoast-schema-graph\">{\"@context\":\"https:\\\/\\\/schema.org\",\"@graph\":[{\"@type\":\"Article\",\"@id\":\"https:\\\/\\\/giflex.it\\\/2024\\\/10\\\/31\\\/il-flessibile-e-una-storia-da-raccontare\\\/#article\",\"isPartOf\":{\"@id\":\"https:\\\/\\\/giflex.it\\\/2024\\\/10\\\/31\\\/il-flessibile-e-una-storia-da-raccontare\\\/\"},\"author\":{\"name\":\"elena\",\"@id\":\"https:\\\/\\\/giflex.it\\\/#\\\/schema\\\/person\\\/41056efa2ab4cc1ae4953882b8ec42d6\"},\"headline\":\"Il flessibile \u00e8 una storia da raccontare\",\"datePublished\":\"2024-10-31T17:20:36+00:00\",\"mainEntityOfPage\":{\"@id\":\"https:\\\/\\\/giflex.it\\\/2024\\\/10\\\/31\\\/il-flessibile-e-una-storia-da-raccontare\\\/\"},\"wordCount\":377,\"image\":{\"@id\":\"https:\\\/\\\/giflex.it\\\/2024\\\/10\\\/31\\\/il-flessibile-e-una-storia-da-raccontare\\\/#primaryimage\"},\"thumbnailUrl\":\"https:\\\/\\\/giflex.it\\\/wp-content\\\/uploads\\\/sites\\\/5\\\/2024\\\/10\\\/Flexible-packaging-storytelling-storie.png\",\"articleSection\":[\"Pubblicazioni\"],\"inLanguage\":\"en-US\"},{\"@type\":\"WebPage\",\"@id\":\"https:\\\/\\\/giflex.it\\\/2024\\\/10\\\/31\\\/il-flessibile-e-una-storia-da-raccontare\\\/\",\"url\":\"https:\\\/\\\/giflex.it\\\/2024\\\/10\\\/31\\\/il-flessibile-e-una-storia-da-raccontare\\\/\",\"name\":\"Il flessibile \u00e8 una storia da raccontare - Giflex\",\"isPartOf\":{\"@id\":\"https:\\\/\\\/giflex.it\\\/#website\"},\"primaryImageOfPage\":{\"@id\":\"https:\\\/\\\/giflex.it\\\/2024\\\/10\\\/31\\\/il-flessibile-e-una-storia-da-raccontare\\\/#primaryimage\"},\"image\":{\"@id\":\"https:\\\/\\\/giflex.it\\\/2024\\\/10\\\/31\\\/il-flessibile-e-una-storia-da-raccontare\\\/#primaryimage\"},\"thumbnailUrl\":\"https:\\\/\\\/giflex.it\\\/wp-content\\\/uploads\\\/sites\\\/5\\\/2024\\\/10\\\/Flexible-packaging-storytelling-storie.png\",\"datePublished\":\"2024-10-31T17:20:36+00:00\",\"author\":{\"@id\":\"https:\\\/\\\/giflex.it\\\/#\\\/schema\\\/person\\\/41056efa2ab4cc1ae4953882b8ec42d6\"},\"breadcrumb\":{\"@id\":\"https:\\\/\\\/giflex.it\\\/2024\\\/10\\\/31\\\/il-flessibile-e-una-storia-da-raccontare\\\/#breadcrumb\"},\"inLanguage\":\"en-US\",\"potentialAction\":[{\"@type\":\"ReadAction\",\"target\":[\"https:\\\/\\\/giflex.it\\\/2024\\\/10\\\/31\\\/il-flessibile-e-una-storia-da-raccontare\\\/\"]}]},{\"@type\":\"ImageObject\",\"inLanguage\":\"en-US\",\"@id\":\"https:\\\/\\\/giflex.it\\\/2024\\\/10\\\/31\\\/il-flessibile-e-una-storia-da-raccontare\\\/#primaryimage\",\"url\":\"https:\\\/\\\/giflex.it\\\/wp-content\\\/uploads\\\/sites\\\/5\\\/2024\\\/10\\\/Flexible-packaging-storytelling-storie.png\",\"contentUrl\":\"https:\\\/\\\/giflex.it\\\/wp-content\\\/uploads\\\/sites\\\/5\\\/2024\\\/10\\\/Flexible-packaging-storytelling-storie.png\",\"width\":1011,\"height\":572},{\"@type\":\"BreadcrumbList\",\"@id\":\"https:\\\/\\\/giflex.it\\\/2024\\\/10\\\/31\\\/il-flessibile-e-una-storia-da-raccontare\\\/#breadcrumb\",\"itemListElement\":[{\"@type\":\"ListItem\",\"position\":1,\"name\":\"Home\",\"item\":\"https:\\\/\\\/giflex.it\\\/\"},{\"@type\":\"ListItem\",\"position\":2,\"name\":\"Il flessibile \u00e8 una storia da raccontare\"}]},{\"@type\":\"WebSite\",\"@id\":\"https:\\\/\\\/giflex.it\\\/#website\",\"url\":\"https:\\\/\\\/giflex.it\\\/\",\"name\":\"Giflex\",\"description\":\"Italian Flexible Packaging Association\",\"potentialAction\":[{\"@type\":\"SearchAction\",\"target\":{\"@type\":\"EntryPoint\",\"urlTemplate\":\"https:\\\/\\\/giflex.it\\\/?s={search_term_string}\"},\"query-input\":{\"@type\":\"PropertyValueSpecification\",\"valueRequired\":true,\"valueName\":\"search_term_string\"}}],\"inLanguage\":\"en-US\"},{\"@type\":\"Person\",\"@id\":\"https:\\\/\\\/giflex.it\\\/#\\\/schema\\\/person\\\/41056efa2ab4cc1ae4953882b8ec42d6\",\"name\":\"elena\",\"image\":{\"@type\":\"ImageObject\",\"inLanguage\":\"en-US\",\"@id\":\"https:\\\/\\\/secure.gravatar.com\\\/avatar\\\/d525111e4e1ae5a4d80e26ec00a9d4a6b805b9bc83c81680c793b7ffc261ca2b?s=96&d=mm&r=g\",\"url\":\"https:\\\/\\\/secure.gravatar.com\\\/avatar\\\/d525111e4e1ae5a4d80e26ec00a9d4a6b805b9bc83c81680c793b7ffc261ca2b?s=96&d=mm&r=g\",\"contentUrl\":\"https:\\\/\\\/secure.gravatar.com\\\/avatar\\\/d525111e4e1ae5a4d80e26ec00a9d4a6b805b9bc83c81680c793b7ffc261ca2b?s=96&d=mm&r=g\",\"caption\":\"elena\"},\"url\":\"https:\\\/\\\/giflex.it\\\/en\\\/author\\\/elena\\\/\"}]}<\/script>\n<!-- \/ Yoast SEO plugin. -->","yoast_head_json":{"title":"Il flessibile \u00e8 una storia da raccontare - Giflex","robots":{"index":"index","follow":"follow","max-snippet":"max-snippet:-1","max-image-preview":"max-image-preview:large","max-video-preview":"max-video-preview:-1"},"canonical":"https:\/\/giflex.it\/2024\/10\/31\/il-flessibile-e-una-storia-da-raccontare\/","og_locale":"en_US","og_type":"article","og_title":"Il flessibile \u00e8 una storia da raccontare - Giflex","og_description":"\u201cFLEXIBLE PACKAGING STORYTELLING. Un metodo generativo per raccontare la value story dell\u2019imballaggio flessibile\u201d \u00e8 la nuova pubblicazione di Giflex in continuit\u00e0 con la ricerca \u201cVALORIZZARE GLI IMBALLAGGI FLESSIBILI Osservare l\u2019innovazione, definire l\u2019identit\u00e0, raccontare la value story\u201d condotta da Osservatorio Innovazione Packaging, ADU &#8211; Advanced Design Unit Dipartimento di Architettura, Alma Mater Studiorum &#8211; Universit\u00e0 di [&hellip;]","og_url":"https:\/\/giflex.it\/2024\/10\/31\/il-flessibile-e-una-storia-da-raccontare\/","og_site_name":"Giflex","article_published_time":"2024-10-31T17:20:36+00:00","og_image":[{"width":1011,"height":572,"url":"https:\/\/giflex.it\/wp-content\/uploads\/sites\/5\/2024\/10\/Flexible-packaging-storytelling-storie.png","type":"image\/png"}],"author":"elena","twitter_card":"summary_large_image","twitter_misc":{"Written by":"elena","Est. reading time":"3 minutes"},"schema":{"@context":"https:\/\/schema.org","@graph":[{"@type":"Article","@id":"https:\/\/giflex.it\/2024\/10\/31\/il-flessibile-e-una-storia-da-raccontare\/#article","isPartOf":{"@id":"https:\/\/giflex.it\/2024\/10\/31\/il-flessibile-e-una-storia-da-raccontare\/"},"author":{"name":"elena","@id":"https:\/\/giflex.it\/#\/schema\/person\/41056efa2ab4cc1ae4953882b8ec42d6"},"headline":"Il flessibile \u00e8 una storia da raccontare","datePublished":"2024-10-31T17:20:36+00:00","mainEntityOfPage":{"@id":"https:\/\/giflex.it\/2024\/10\/31\/il-flessibile-e-una-storia-da-raccontare\/"},"wordCount":377,"image":{"@id":"https:\/\/giflex.it\/2024\/10\/31\/il-flessibile-e-una-storia-da-raccontare\/#primaryimage"},"thumbnailUrl":"https:\/\/giflex.it\/wp-content\/uploads\/sites\/5\/2024\/10\/Flexible-packaging-storytelling-storie.png","articleSection":["Pubblicazioni"],"inLanguage":"en-US"},{"@type":"WebPage","@id":"https:\/\/giflex.it\/2024\/10\/31\/il-flessibile-e-una-storia-da-raccontare\/","url":"https:\/\/giflex.it\/2024\/10\/31\/il-flessibile-e-una-storia-da-raccontare\/","name":"Il flessibile \u00e8 una storia da raccontare - Giflex","isPartOf":{"@id":"https:\/\/giflex.it\/#website"},"primaryImageOfPage":{"@id":"https:\/\/giflex.it\/2024\/10\/31\/il-flessibile-e-una-storia-da-raccontare\/#primaryimage"},"image":{"@id":"https:\/\/giflex.it\/2024\/10\/31\/il-flessibile-e-una-storia-da-raccontare\/#primaryimage"},"thumbnailUrl":"https:\/\/giflex.it\/wp-content\/uploads\/sites\/5\/2024\/10\/Flexible-packaging-storytelling-storie.png","datePublished":"2024-10-31T17:20:36+00:00","author":{"@id":"https:\/\/giflex.it\/#\/schema\/person\/41056efa2ab4cc1ae4953882b8ec42d6"},"breadcrumb":{"@id":"https:\/\/giflex.it\/2024\/10\/31\/il-flessibile-e-una-storia-da-raccontare\/#breadcrumb"},"inLanguage":"en-US","potentialAction":[{"@type":"ReadAction","target":["https:\/\/giflex.it\/2024\/10\/31\/il-flessibile-e-una-storia-da-raccontare\/"]}]},{"@type":"ImageObject","inLanguage":"en-US","@id":"https:\/\/giflex.it\/2024\/10\/31\/il-flessibile-e-una-storia-da-raccontare\/#primaryimage","url":"https:\/\/giflex.it\/wp-content\/uploads\/sites\/5\/2024\/10\/Flexible-packaging-storytelling-storie.png","contentUrl":"https:\/\/giflex.it\/wp-content\/uploads\/sites\/5\/2024\/10\/Flexible-packaging-storytelling-storie.png","width":1011,"height":572},{"@type":"BreadcrumbList","@id":"https:\/\/giflex.it\/2024\/10\/31\/il-flessibile-e-una-storia-da-raccontare\/#breadcrumb","itemListElement":[{"@type":"ListItem","position":1,"name":"Home","item":"https:\/\/giflex.it\/"},{"@type":"ListItem","position":2,"name":"Il flessibile \u00e8 una storia da raccontare"}]},{"@type":"WebSite","@id":"https:\/\/giflex.it\/#website","url":"https:\/\/giflex.it\/","name":"Giflex","description":"Italian Flexible Packaging Association","potentialAction":[{"@type":"SearchAction","target":{"@type":"EntryPoint","urlTemplate":"https:\/\/giflex.it\/?s={search_term_string}"},"query-input":{"@type":"PropertyValueSpecification","valueRequired":true,"valueName":"search_term_string"}}],"inLanguage":"en-US"},{"@type":"Person","@id":"https:\/\/giflex.it\/#\/schema\/person\/41056efa2ab4cc1ae4953882b8ec42d6","name":"elena","image":{"@type":"ImageObject","inLanguage":"en-US","@id":"https:\/\/secure.gravatar.com\/avatar\/d525111e4e1ae5a4d80e26ec00a9d4a6b805b9bc83c81680c793b7ffc261ca2b?s=96&d=mm&r=g","url":"https:\/\/secure.gravatar.com\/avatar\/d525111e4e1ae5a4d80e26ec00a9d4a6b805b9bc83c81680c793b7ffc261ca2b?s=96&d=mm&r=g","contentUrl":"https:\/\/secure.gravatar.com\/avatar\/d525111e4e1ae5a4d80e26ec00a9d4a6b805b9bc83c81680c793b7ffc261ca2b?s=96&d=mm&r=g","caption":"elena"},"url":"https:\/\/giflex.it\/en\/author\/elena\/"}]}},"_links":{"self":[{"href":"https:\/\/giflex.it\/en\/wp-json\/wp\/v2\/posts\/7857","targetHints":{"allow":["GET"]}}],"collection":[{"href":"https:\/\/giflex.it\/en\/wp-json\/wp\/v2\/posts"}],"about":[{"href":"https:\/\/giflex.it\/en\/wp-json\/wp\/v2\/types\/post"}],"author":[{"embeddable":true,"href":"https:\/\/giflex.it\/en\/wp-json\/wp\/v2\/users\/9"}],"replies":[{"embeddable":true,"href":"https:\/\/giflex.it\/en\/wp-json\/wp\/v2\/comments?post=7857"}],"version-history":[{"count":1,"href":"https:\/\/giflex.it\/en\/wp-json\/wp\/v2\/posts\/7857\/revisions"}],"predecessor-version":[{"id":7862,"href":"https:\/\/giflex.it\/en\/wp-json\/wp\/v2\/posts\/7857\/revisions\/7862"}],"wp:featuredmedia":[{"embeddable":true,"href":"https:\/\/giflex.it\/en\/wp-json\/wp\/v2\/media\/7858"}],"wp:attachment":[{"href":"https:\/\/giflex.it\/en\/wp-json\/wp\/v2\/media?parent=7857"}],"wp:term":[{"taxonomy":"category","embeddable":true,"href":"https:\/\/giflex.it\/en\/wp-json\/wp\/v2\/categories?post=7857"},{"taxonomy":"post_tag","embeddable":true,"href":"https:\/\/giflex.it\/en\/wp-json\/wp\/v2\/tags?post=7857"},{"taxonomy":"fonte","embeddable":true,"href":"https:\/\/giflex.it\/en\/wp-json\/wp\/v2\/fonte?post=7857"},{"taxonomy":"posizione","embeddable":true,"href":"https:\/\/giflex.it\/en\/wp-json\/wp\/v2\/posizione?post=7857"}],"curies":[{"name":"wp","href":"https:\/\/api.w.org\/{rel}","templated":true}]}}