{"id":6990,"date":"2023-12-21T18:06:23","date_gmt":"2023-12-21T17:06:23","guid":{"rendered":"https:\/\/giflex.it\/?p=6990"},"modified":"2023-12-21T18:06:23","modified_gmt":"2023-12-21T17:06:23","slug":"la-filiera-racconta-i-valori-del-flessibile","status":"publish","type":"post","link":"https:\/\/giflex.it\/en\/2023\/12\/21\/la-filiera-racconta-i-valori-del-flessibile\/","title":{"rendered":"La filiera racconta i valori del flessibile"},"content":{"rendered":"<p><img loading=\"lazy\" decoding=\"async\" class=\"size-medium wp-image-6992 alignleft\" src=\"https:\/\/giflex.it\/wp-content\/uploads\/sites\/5\/2023\/12\/workshop-30-nov-sala-225x300.jpg\" alt=\"\" width=\"225\" height=\"300\" \/>Lo scorso 30 novembre si \u00e8 tenuta, presso la sede di Giflex, la seconda edizione del Workshop \u201cFlexible Packaging Storytelling\u201d, una delle attivit\u00e0 previste dal progetto di ricerca &#8220;VALORIZZARE GLI IMBALLAGGI FLESSIBILI. Osservare l\u2019innovazione, definire l\u2019identit\u00e0, raccontare la value story&#8221;, a cura dell\u2019Osservatorio Innovazione Packaging \u2013 Universit\u00e0 di Bologna per conto di Giflex.<\/p>\n<p>A differenza del primo incontro, svoltosi lo scorso febbraio alla presenza di sole aziende produttrici e trasformatrici di flessibile, per l\u2019edizione autunnale sono stati invitati rappresentanti di imprese di tutta la filiera, comprese industria di marca (Barilla e Nestl\u00e9), grande distribuzione (Coop Italia), costruttori di macchine automatiche (Cavanna Group), fiere di settore (Ipack-Ima), istituti, consorzi e organizzazioni di consumatori\u00a0 (Istituto\u00a0 Italiano Imballaggio, Conai, Altro Consumo), studenti universitari (Universit\u00e0 di Bologna) e giornalisti.<\/p>\n<p>Clara Giardina ed Erik Ciravegna, con la collaborazione di Davide Pletto, dell\u2019 Advanced Design Unit dell\u2019 Alma Mater Studiorum di Bologna, hanno dapprima presentato il lavoro di mappatura e ricerca dell\u2019Osservatorio Innovazione Packaging sviluppato per conto di Giflex fra il 2022 e 2023.<\/p>\n<p>Successivamente, per stimolare una riflessione al di l\u00e0 dell\u2019imballaggio come mero oggetto tecnico, \u00e8 stato avviato un sondaggio realizzato con Mentimeter sulla \u201cflessibilit\u00e0\u201d a domanda unica: \u201cQuali concetti viene istintivo associare al termine imballaggio flessibile?\u201d I commenti guidati ai risultati hanno rivelato associazioni spontanee solo in parte prevedibili: termini adattabilit\u00e0, elasticit\u00e0, libert\u00e0, resilienza, fluidit\u00e0, leggerezza, continuit\u00e0, solo per citarne alcuni, rivelano domande nascoste che potrebbero diventare spunti di ricerca e sviluppo, ma non solo.<\/p>\n<p><img loading=\"lazy\" decoding=\"async\" class=\"size-medium wp-image-6993 alignright\" src=\"https:\/\/giflex.it\/wp-content\/uploads\/sites\/5\/2023\/12\/workshop-30-nov-225x300.jpg\" alt=\"\" width=\"225\" height=\"300\" \/><img loading=\"lazy\" decoding=\"async\" class=\"size-medium wp-image-6991 alignleft\" src=\"https:\/\/giflex.it\/wp-content\/uploads\/sites\/5\/2023\/12\/Workshop-Giflex_Menti-300x169.png\" alt=\"\" width=\"300\" height=\"169\" \/>Dopo la presentazione della metodologia di lavoro basata sui valori guida e i trend dell\u2019imballaggio flessibile e sul suo profilo identitario, oltre che su uno strumento generativo di <em>value stories<\/em>, i partecipanti &#8211; attraverso la\u00a0 tecnica dello storytelling &#8211; hanno messo a fuoco 5 strumenti concettuali utili ad immaginare in forma di racconto la prestazione di valore che un imballaggio flessibile \u00e8 in grado di generare: bisogno, contesto, prodotto, tipologia d\u2019imballaggio, qualit\u00e0 e <em>value drivers<\/em>.<\/p>\n<p>Suddivisi in 5 tavoli, i 25 partecipanti hanno sintetizzato con frasi brevi e concetti un bisogno e il suo contesto di riferimento; poi, hanno messo in comune questi microelaborati con l\u2019obiettivo di raccontare una storia di valore.<\/p>\n<p>Mediante un approccio di tipo esperienziale, il workshop ha avuto l\u2019obiettivo di far sperimentare ai partecipanti, che hanno mostrato grande entusiasmo e curiosit\u00e0, un metodo narrativo per la creazione di value stories, brevi narrazioni in grado di far emergere le qualit\u00e0 degli imballaggi flessibili e il valore che esprimono per le persone, la societ\u00e0 e l\u2019ambiente.<\/p>\n<p>Prossimamente, Giflex render\u00e0 disponibile una guida al metodo e la raccolta delle storie emerse in occasione dei workshop.<\/p>\n<p>&nbsp;<\/p>\n","protected":false},"excerpt":{"rendered":"<p>Lo scorso 30 novembre si \u00e8 tenuta, presso la sede di Giflex, la seconda edizione del Workshop \u201cFlexible Packaging Storytelling\u201d, una delle attivit\u00e0 previste dal progetto di ricerca &#8220;VALORIZZARE GLI IMBALLAGGI FLESSIBILI. Osservare l\u2019innovazione, definire l\u2019identit\u00e0, raccontare la value story&#8221;, a cura dell\u2019Osservatorio Innovazione Packaging \u2013 Universit\u00e0 di Bologna per conto di Giflex. A differenza [&hellip;]<\/p>\n","protected":false},"author":9,"featured_media":6991,"comment_status":"open","ping_status":"open","sticky":false,"template":"","format":"standard","meta":{"_acf_changed":false,"_et_pb_use_builder":"","_et_pb_old_content":"","_et_gb_content_width":"","inline_featured_image":false,"footnotes":""},"categories":[28],"tags":[],"fonte":[174],"posizione":[31,7],"class_list":["post-6990","post","type-post","status-publish","format-standard","has-post-thumbnail","hentry","category-iniziative","fonte-giflex","posizione-iniziative","posizione-news-giflex"],"acf":[],"yoast_head":"<!-- This site is optimized with the Yoast SEO plugin v27.5 - https:\/\/yoast.com\/product\/yoast-seo-wordpress\/ -->\n<title>La filiera racconta i valori del flessibile - Giflex<\/title>\n<meta name=\"robots\" content=\"index, follow, max-snippet:-1, max-image-preview:large, max-video-preview:-1\" \/>\n<link rel=\"canonical\" href=\"https:\/\/giflex.it\/2023\/12\/21\/la-filiera-racconta-i-valori-del-flessibile\/\" \/>\n<meta property=\"og:locale\" content=\"en_US\" \/>\n<meta property=\"og:type\" content=\"article\" \/>\n<meta property=\"og:title\" content=\"La filiera racconta i valori del flessibile - Giflex\" \/>\n<meta property=\"og:description\" content=\"Lo scorso 30 novembre si \u00e8 tenuta, presso la sede di Giflex, la seconda edizione del Workshop \u201cFlexible Packaging Storytelling\u201d, una delle attivit\u00e0 previste dal progetto di ricerca &#8220;VALORIZZARE GLI IMBALLAGGI FLESSIBILI. Osservare l\u2019innovazione, definire l\u2019identit\u00e0, raccontare la value story&#8221;, a cura dell\u2019Osservatorio Innovazione Packaging \u2013 Universit\u00e0 di Bologna per conto di Giflex. A differenza [&hellip;]\" \/>\n<meta property=\"og:url\" content=\"https:\/\/giflex.it\/2023\/12\/21\/la-filiera-racconta-i-valori-del-flessibile\/\" \/>\n<meta property=\"og:site_name\" content=\"Giflex\" \/>\n<meta property=\"article:published_time\" content=\"2023-12-21T17:06:23+00:00\" \/>\n<meta property=\"og:image\" content=\"https:\/\/giflex.it\/wp-content\/uploads\/sites\/5\/2023\/12\/Workshop-Giflex_Menti.png\" \/>\n\t<meta property=\"og:image:width\" content=\"1920\" \/>\n\t<meta property=\"og:image:height\" content=\"1080\" \/>\n\t<meta property=\"og:image:type\" content=\"image\/png\" \/>\n<meta name=\"author\" content=\"elena\" \/>\n<meta name=\"twitter:card\" content=\"summary_large_image\" \/>\n<meta name=\"twitter:label1\" content=\"Written by\" \/>\n\t<meta name=\"twitter:data1\" content=\"elena\" \/>\n\t<meta name=\"twitter:label2\" content=\"Est. reading time\" \/>\n\t<meta name=\"twitter:data2\" content=\"4 minutes\" \/>\n<script type=\"application\/ld+json\" class=\"yoast-schema-graph\">{\"@context\":\"https:\\\/\\\/schema.org\",\"@graph\":[{\"@type\":\"Article\",\"@id\":\"https:\\\/\\\/giflex.it\\\/2023\\\/12\\\/21\\\/la-filiera-racconta-i-valori-del-flessibile\\\/#article\",\"isPartOf\":{\"@id\":\"https:\\\/\\\/giflex.it\\\/2023\\\/12\\\/21\\\/la-filiera-racconta-i-valori-del-flessibile\\\/\"},\"author\":{\"name\":\"elena\",\"@id\":\"https:\\\/\\\/giflex.it\\\/#\\\/schema\\\/person\\\/41056efa2ab4cc1ae4953882b8ec42d6\"},\"headline\":\"La filiera racconta i valori del flessibile\",\"datePublished\":\"2023-12-21T17:06:23+00:00\",\"mainEntityOfPage\":{\"@id\":\"https:\\\/\\\/giflex.it\\\/2023\\\/12\\\/21\\\/la-filiera-racconta-i-valori-del-flessibile\\\/\"},\"wordCount\":437,\"commentCount\":0,\"image\":{\"@id\":\"https:\\\/\\\/giflex.it\\\/2023\\\/12\\\/21\\\/la-filiera-racconta-i-valori-del-flessibile\\\/#primaryimage\"},\"thumbnailUrl\":\"https:\\\/\\\/giflex.it\\\/wp-content\\\/uploads\\\/sites\\\/5\\\/2023\\\/12\\\/Workshop-Giflex_Menti.png\",\"articleSection\":[\"Iniziative\"],\"inLanguage\":\"en-US\"},{\"@type\":\"WebPage\",\"@id\":\"https:\\\/\\\/giflex.it\\\/2023\\\/12\\\/21\\\/la-filiera-racconta-i-valori-del-flessibile\\\/\",\"url\":\"https:\\\/\\\/giflex.it\\\/2023\\\/12\\\/21\\\/la-filiera-racconta-i-valori-del-flessibile\\\/\",\"name\":\"La filiera racconta i valori del flessibile - Giflex\",\"isPartOf\":{\"@id\":\"https:\\\/\\\/giflex.it\\\/#website\"},\"primaryImageOfPage\":{\"@id\":\"https:\\\/\\\/giflex.it\\\/2023\\\/12\\\/21\\\/la-filiera-racconta-i-valori-del-flessibile\\\/#primaryimage\"},\"image\":{\"@id\":\"https:\\\/\\\/giflex.it\\\/2023\\\/12\\\/21\\\/la-filiera-racconta-i-valori-del-flessibile\\\/#primaryimage\"},\"thumbnailUrl\":\"https:\\\/\\\/giflex.it\\\/wp-content\\\/uploads\\\/sites\\\/5\\\/2023\\\/12\\\/Workshop-Giflex_Menti.png\",\"datePublished\":\"2023-12-21T17:06:23+00:00\",\"author\":{\"@id\":\"https:\\\/\\\/giflex.it\\\/#\\\/schema\\\/person\\\/41056efa2ab4cc1ae4953882b8ec42d6\"},\"breadcrumb\":{\"@id\":\"https:\\\/\\\/giflex.it\\\/2023\\\/12\\\/21\\\/la-filiera-racconta-i-valori-del-flessibile\\\/#breadcrumb\"},\"inLanguage\":\"en-US\",\"potentialAction\":[{\"@type\":\"ReadAction\",\"target\":[\"https:\\\/\\\/giflex.it\\\/2023\\\/12\\\/21\\\/la-filiera-racconta-i-valori-del-flessibile\\\/\"]}]},{\"@type\":\"ImageObject\",\"inLanguage\":\"en-US\",\"@id\":\"https:\\\/\\\/giflex.it\\\/2023\\\/12\\\/21\\\/la-filiera-racconta-i-valori-del-flessibile\\\/#primaryimage\",\"url\":\"https:\\\/\\\/giflex.it\\\/wp-content\\\/uploads\\\/sites\\\/5\\\/2023\\\/12\\\/Workshop-Giflex_Menti.png\",\"contentUrl\":\"https:\\\/\\\/giflex.it\\\/wp-content\\\/uploads\\\/sites\\\/5\\\/2023\\\/12\\\/Workshop-Giflex_Menti.png\",\"width\":1920,\"height\":1080},{\"@type\":\"BreadcrumbList\",\"@id\":\"https:\\\/\\\/giflex.it\\\/2023\\\/12\\\/21\\\/la-filiera-racconta-i-valori-del-flessibile\\\/#breadcrumb\",\"itemListElement\":[{\"@type\":\"ListItem\",\"position\":1,\"name\":\"Home\",\"item\":\"https:\\\/\\\/giflex.it\\\/\"},{\"@type\":\"ListItem\",\"position\":2,\"name\":\"La filiera racconta i valori del flessibile\"}]},{\"@type\":\"WebSite\",\"@id\":\"https:\\\/\\\/giflex.it\\\/#website\",\"url\":\"https:\\\/\\\/giflex.it\\\/\",\"name\":\"Giflex\",\"description\":\"Italian Flexible Packaging Association\",\"potentialAction\":[{\"@type\":\"SearchAction\",\"target\":{\"@type\":\"EntryPoint\",\"urlTemplate\":\"https:\\\/\\\/giflex.it\\\/?s={search_term_string}\"},\"query-input\":{\"@type\":\"PropertyValueSpecification\",\"valueRequired\":true,\"valueName\":\"search_term_string\"}}],\"inLanguage\":\"en-US\"},{\"@type\":\"Person\",\"@id\":\"https:\\\/\\\/giflex.it\\\/#\\\/schema\\\/person\\\/41056efa2ab4cc1ae4953882b8ec42d6\",\"name\":\"elena\",\"image\":{\"@type\":\"ImageObject\",\"inLanguage\":\"en-US\",\"@id\":\"https:\\\/\\\/secure.gravatar.com\\\/avatar\\\/d525111e4e1ae5a4d80e26ec00a9d4a6b805b9bc83c81680c793b7ffc261ca2b?s=96&d=mm&r=g\",\"url\":\"https:\\\/\\\/secure.gravatar.com\\\/avatar\\\/d525111e4e1ae5a4d80e26ec00a9d4a6b805b9bc83c81680c793b7ffc261ca2b?s=96&d=mm&r=g\",\"contentUrl\":\"https:\\\/\\\/secure.gravatar.com\\\/avatar\\\/d525111e4e1ae5a4d80e26ec00a9d4a6b805b9bc83c81680c793b7ffc261ca2b?s=96&d=mm&r=g\",\"caption\":\"elena\"},\"url\":\"https:\\\/\\\/giflex.it\\\/en\\\/author\\\/elena\\\/\"}]}<\/script>\n<!-- \/ Yoast SEO plugin. -->","yoast_head_json":{"title":"La filiera racconta i valori del flessibile - Giflex","robots":{"index":"index","follow":"follow","max-snippet":"max-snippet:-1","max-image-preview":"max-image-preview:large","max-video-preview":"max-video-preview:-1"},"canonical":"https:\/\/giflex.it\/2023\/12\/21\/la-filiera-racconta-i-valori-del-flessibile\/","og_locale":"en_US","og_type":"article","og_title":"La filiera racconta i valori del flessibile - Giflex","og_description":"Lo scorso 30 novembre si \u00e8 tenuta, presso la sede di Giflex, la seconda edizione del Workshop \u201cFlexible Packaging Storytelling\u201d, una delle attivit\u00e0 previste dal progetto di ricerca &#8220;VALORIZZARE GLI IMBALLAGGI FLESSIBILI. Osservare l\u2019innovazione, definire l\u2019identit\u00e0, raccontare la value story&#8221;, a cura dell\u2019Osservatorio Innovazione Packaging \u2013 Universit\u00e0 di Bologna per conto di Giflex. A differenza [&hellip;]","og_url":"https:\/\/giflex.it\/2023\/12\/21\/la-filiera-racconta-i-valori-del-flessibile\/","og_site_name":"Giflex","article_published_time":"2023-12-21T17:06:23+00:00","og_image":[{"width":1920,"height":1080,"url":"https:\/\/giflex.it\/wp-content\/uploads\/sites\/5\/2023\/12\/Workshop-Giflex_Menti.png","type":"image\/png"}],"author":"elena","twitter_card":"summary_large_image","twitter_misc":{"Written by":"elena","Est. reading time":"4 minutes"},"schema":{"@context":"https:\/\/schema.org","@graph":[{"@type":"Article","@id":"https:\/\/giflex.it\/2023\/12\/21\/la-filiera-racconta-i-valori-del-flessibile\/#article","isPartOf":{"@id":"https:\/\/giflex.it\/2023\/12\/21\/la-filiera-racconta-i-valori-del-flessibile\/"},"author":{"name":"elena","@id":"https:\/\/giflex.it\/#\/schema\/person\/41056efa2ab4cc1ae4953882b8ec42d6"},"headline":"La filiera racconta i valori del flessibile","datePublished":"2023-12-21T17:06:23+00:00","mainEntityOfPage":{"@id":"https:\/\/giflex.it\/2023\/12\/21\/la-filiera-racconta-i-valori-del-flessibile\/"},"wordCount":437,"commentCount":0,"image":{"@id":"https:\/\/giflex.it\/2023\/12\/21\/la-filiera-racconta-i-valori-del-flessibile\/#primaryimage"},"thumbnailUrl":"https:\/\/giflex.it\/wp-content\/uploads\/sites\/5\/2023\/12\/Workshop-Giflex_Menti.png","articleSection":["Iniziative"],"inLanguage":"en-US"},{"@type":"WebPage","@id":"https:\/\/giflex.it\/2023\/12\/21\/la-filiera-racconta-i-valori-del-flessibile\/","url":"https:\/\/giflex.it\/2023\/12\/21\/la-filiera-racconta-i-valori-del-flessibile\/","name":"La filiera racconta i valori del flessibile - Giflex","isPartOf":{"@id":"https:\/\/giflex.it\/#website"},"primaryImageOfPage":{"@id":"https:\/\/giflex.it\/2023\/12\/21\/la-filiera-racconta-i-valori-del-flessibile\/#primaryimage"},"image":{"@id":"https:\/\/giflex.it\/2023\/12\/21\/la-filiera-racconta-i-valori-del-flessibile\/#primaryimage"},"thumbnailUrl":"https:\/\/giflex.it\/wp-content\/uploads\/sites\/5\/2023\/12\/Workshop-Giflex_Menti.png","datePublished":"2023-12-21T17:06:23+00:00","author":{"@id":"https:\/\/giflex.it\/#\/schema\/person\/41056efa2ab4cc1ae4953882b8ec42d6"},"breadcrumb":{"@id":"https:\/\/giflex.it\/2023\/12\/21\/la-filiera-racconta-i-valori-del-flessibile\/#breadcrumb"},"inLanguage":"en-US","potentialAction":[{"@type":"ReadAction","target":["https:\/\/giflex.it\/2023\/12\/21\/la-filiera-racconta-i-valori-del-flessibile\/"]}]},{"@type":"ImageObject","inLanguage":"en-US","@id":"https:\/\/giflex.it\/2023\/12\/21\/la-filiera-racconta-i-valori-del-flessibile\/#primaryimage","url":"https:\/\/giflex.it\/wp-content\/uploads\/sites\/5\/2023\/12\/Workshop-Giflex_Menti.png","contentUrl":"https:\/\/giflex.it\/wp-content\/uploads\/sites\/5\/2023\/12\/Workshop-Giflex_Menti.png","width":1920,"height":1080},{"@type":"BreadcrumbList","@id":"https:\/\/giflex.it\/2023\/12\/21\/la-filiera-racconta-i-valori-del-flessibile\/#breadcrumb","itemListElement":[{"@type":"ListItem","position":1,"name":"Home","item":"https:\/\/giflex.it\/"},{"@type":"ListItem","position":2,"name":"La filiera racconta i valori del flessibile"}]},{"@type":"WebSite","@id":"https:\/\/giflex.it\/#website","url":"https:\/\/giflex.it\/","name":"Giflex","description":"Italian Flexible Packaging Association","potentialAction":[{"@type":"SearchAction","target":{"@type":"EntryPoint","urlTemplate":"https:\/\/giflex.it\/?s={search_term_string}"},"query-input":{"@type":"PropertyValueSpecification","valueRequired":true,"valueName":"search_term_string"}}],"inLanguage":"en-US"},{"@type":"Person","@id":"https:\/\/giflex.it\/#\/schema\/person\/41056efa2ab4cc1ae4953882b8ec42d6","name":"elena","image":{"@type":"ImageObject","inLanguage":"en-US","@id":"https:\/\/secure.gravatar.com\/avatar\/d525111e4e1ae5a4d80e26ec00a9d4a6b805b9bc83c81680c793b7ffc261ca2b?s=96&d=mm&r=g","url":"https:\/\/secure.gravatar.com\/avatar\/d525111e4e1ae5a4d80e26ec00a9d4a6b805b9bc83c81680c793b7ffc261ca2b?s=96&d=mm&r=g","contentUrl":"https:\/\/secure.gravatar.com\/avatar\/d525111e4e1ae5a4d80e26ec00a9d4a6b805b9bc83c81680c793b7ffc261ca2b?s=96&d=mm&r=g","caption":"elena"},"url":"https:\/\/giflex.it\/en\/author\/elena\/"}]}},"_links":{"self":[{"href":"https:\/\/giflex.it\/en\/wp-json\/wp\/v2\/posts\/6990","targetHints":{"allow":["GET"]}}],"collection":[{"href":"https:\/\/giflex.it\/en\/wp-json\/wp\/v2\/posts"}],"about":[{"href":"https:\/\/giflex.it\/en\/wp-json\/wp\/v2\/types\/post"}],"author":[{"embeddable":true,"href":"https:\/\/giflex.it\/en\/wp-json\/wp\/v2\/users\/9"}],"replies":[{"embeddable":true,"href":"https:\/\/giflex.it\/en\/wp-json\/wp\/v2\/comments?post=6990"}],"version-history":[{"count":1,"href":"https:\/\/giflex.it\/en\/wp-json\/wp\/v2\/posts\/6990\/revisions"}],"predecessor-version":[{"id":6994,"href":"https:\/\/giflex.it\/en\/wp-json\/wp\/v2\/posts\/6990\/revisions\/6994"}],"wp:featuredmedia":[{"embeddable":true,"href":"https:\/\/giflex.it\/en\/wp-json\/wp\/v2\/media\/6991"}],"wp:attachment":[{"href":"https:\/\/giflex.it\/en\/wp-json\/wp\/v2\/media?parent=6990"}],"wp:term":[{"taxonomy":"category","embeddable":true,"href":"https:\/\/giflex.it\/en\/wp-json\/wp\/v2\/categories?post=6990"},{"taxonomy":"post_tag","embeddable":true,"href":"https:\/\/giflex.it\/en\/wp-json\/wp\/v2\/tags?post=6990"},{"taxonomy":"fonte","embeddable":true,"href":"https:\/\/giflex.it\/en\/wp-json\/wp\/v2\/fonte?post=6990"},{"taxonomy":"posizione","embeddable":true,"href":"https:\/\/giflex.it\/en\/wp-json\/wp\/v2\/posizione?post=6990"}],"curies":[{"name":"wp","href":"https:\/\/api.w.org\/{rel}","templated":true}]}}