{"id":6364,"date":"2023-07-28T14:29:53","date_gmt":"2023-07-28T12:29:53","guid":{"rendered":"https:\/\/giflex.it\/?p=6364"},"modified":"2023-07-28T14:42:00","modified_gmt":"2023-07-28T12:42:00","slug":"il-lavoro-dei-comitati-di-giflex","status":"publish","type":"post","link":"https:\/\/giflex.it\/en\/2023\/07\/28\/il-lavoro-dei-comitati-di-giflex\/","title":{"rendered":"Il lavoro dei Comitati di Giflex"},"content":{"rendered":"<p><img loading=\"lazy\" decoding=\"async\" class=\"size-medium wp-image-5886 alignleft\" src=\"https:\/\/giflex.it\/wp-content\/uploads\/sites\/5\/2023\/02\/Foto-editoriale-NL-Giflex_Vailati_no-name_arrowR-300x300.png\" alt=\"\" width=\"300\" height=\"300\" \/>Il grande lavoro dei Comitati di Giflex, che operano in stretta sinergia tra di loro, continua a ritmo serrato per far s\u00ec che le aziende del flessibile siano portatrici di garanzia, sicurezza e sostenibilit\u00e0 a tutela del consumatore. A questo proposito condividiamo un aggiornamento sui lavori portati ad oggi a termine e quelli in fase di realizzazione.<\/p>\n<p>In capo al <strong>Comitato Tecnico<\/strong> \u00e8 la revisione finale dei capitolati di acquisto delle materie prime, ultimati invece quelli su film plastici, carta e alluminio mentre, entro l\u2019anno, \u00e8 previsto il completamento del lavoro sulle materie prime chimiche (inchiostri, adesivi, vernici, ecc..).<\/p>\n<p>Dalle prossime settimane si inizier\u00e0 la revisione dei metodi di prova, ideale completamento dei capitolati delle materie prime perch\u00e9 stabiliscono quali le misure necessarie e in che modo implementarle. Infine si proceder\u00e0 con i capitolati di vendita degli imballaggi flessibili.<\/p>\n<p>\u00c8 stato inoltre attivato un <strong>gruppo di lavoro<\/strong> sul tema dei <strong>PFAS<\/strong> (composti perfluoroalchilici) che in USA sono stati vietati in numerosi Stati. Il gruppo cercher\u00e0, in collaborazione con quattro primari laboratori d\u2019analisi associati a Giflex, di mettere a punto un protocollo d\u2019analisi condiviso e un documento di sintesi a supporto\u00a0 degli associati per individuare le oltre 4000 sostanze oggetto dello studio e rispondere alle domande delle aziende clienti.<\/p>\n<p>Rimangono parte dell\u2019attivit\u00e0 del Comitato le attivit\u00e0 abituali di verifica dei nuovi requisiti legislativi legati alla recente pubblicazione del regolamento (UE) 1442\/2023, 16esimo emendamento del regolamento (UE) 10\/2011 relativo ai MOCA in plastica.<\/p>\n<p>Il nuovo <strong>Comitato Sostenibilit\u00e0<\/strong>, che opera in stretto il collegamento con il Comitato Tecnico e il gruppo di ricerca \u201cLCA-Economia Circolare\u201d, \u00e8 impegnato nell\u2019elaborazione di contenuti tecnici e scientifici alla luce delle istanze di sostenibilit\u00e0 ed economia circolare specifiche per l\u2019imballaggio flessibile.<\/p>\n<p>Tra le priorit\u00e0 sulle quali si \u00e8 concentrata la maggiore attenzione ad oggi si evidenzia il continuo monitoraggio sull\u2019evoluzione della proposta di regolamento PPWR, le iniziative in campo internazionale (Ceflex, Recyclass, Europen ecc.) e l\u2019individuazione di nuove opportunit\u00e0 della filiera di riciclo, in Italia e in Europa, per valutare i possibili criteri di riciclabilit\u00e0 dell\u2019imballaggio flessibile.<\/p>\n<p>In ogni scelta tecnologica vi sono aspetti che vanno opportunamente misurati con le peculiarit\u00e0 tipiche del settore Food Contact Material. Per questo c\u2019\u00e8 grande attesa anche per il nuovo <strong>progetto di ricerca scientifico <\/strong><strong>\u201cLCA-Economia Circolare\u201d<\/strong> per l\u2019imballaggio flessibile nel contesto dell\u2019EU Green Deal. Obiettivo \u00e8 la stesura di uno strumento di elezione per produrre valutazioni LCA di FCM (Food Contact Material) inseriti in un contesto di circolarit\u00e0 ripetibili, confrontabili e supportate scientificamente. Nello specifico \u00e8 allo studio una linea guida che mitighi la diversit\u00e0 di approccio, di assunzioni, di metodologie, la carenza di dati primari, per arrivare ad approcci LCA frutto di protocolli validati e ripetibili, confrontabili con chiari indicatori e confini di sistema.<\/p>\n<p>Auspicabilmente il primo documento con le indicazioni principali potrebbe essere pronto entro fine anno. A seguire l\u2019elaborazione di moduli di approfondimento che aiuteranno le aziende a creare le proprie banche date e a stabilire i giusti confini dell\u2019analisi da effettuare.<\/p>\n<p>Strumenti e progetti di comunicazione per divulgare valori e identit\u00e0 dell\u2019imballaggio flessibile sono stati i temi al centro dei lavori del <strong>Comitato Marketing&amp;Comunicazione<\/strong>. La campagna \u201cImballaggio Flessibile. Leggerezza che avvolge\u201d si \u00e8 concretizzata nella prima parte dell\u2019anno nella realizzazione di una brochure istituzionale digitale a supporto dell\u2019attivit\u00e0 di lobbying e advocacy, di materiale espositivo distribuito a Interpack, oggetto di una campagna internazionale che ha ottenuto l\u2019endorsment di Flexible Packaging Europe. Parallelamente \u00e8 stata avviata una campagna banner per la promozione del nuovo simbolo e claim online sulle maggiori testate di settore che si concluder\u00e0 entro la fine dell\u2019anno. Interessante anche il lancio del primo corso di formazione \u201cFlexible Packaging Storytelling\u201d che vedr\u00e0 in autunno una seconda edizione.<\/p>\n","protected":false},"excerpt":{"rendered":"<p>Il grande lavoro dei Comitati di Giflex, che operano in stretta sinergia tra di loro, continua a ritmo serrato per far s\u00ec che le aziende del flessibile siano portatrici di garanzia, sicurezza e sostenibilit\u00e0 a tutela del consumatore. A questo proposito condividiamo un aggiornamento sui lavori portati ad oggi a termine e quelli in fase [&hellip;]<\/p>\n","protected":false},"author":9,"featured_media":6367,"comment_status":"open","ping_status":"open","sticky":false,"template":"","format":"standard","meta":{"_acf_changed":false,"_et_pb_use_builder":"","_et_pb_old_content":"","_et_gb_content_width":"","inline_featured_image":false,"footnotes":""},"categories":[63],"tags":[],"fonte":[],"posizione":[7],"class_list":["post-6364","post","type-post","status-publish","format-standard","has-post-thumbnail","hentry","category-vita-associativa","posizione-news-giflex"],"acf":[],"yoast_head":"<!-- This site is optimized with the Yoast SEO plugin v27.4 - https:\/\/yoast.com\/product\/yoast-seo-wordpress\/ -->\n<title>Il lavoro dei Comitati di Giflex - Giflex<\/title>\n<meta name=\"robots\" content=\"index, follow, max-snippet:-1, max-image-preview:large, max-video-preview:-1\" \/>\n<link rel=\"canonical\" href=\"https:\/\/giflex.it\/2023\/07\/28\/il-lavoro-dei-comitati-di-giflex\/\" \/>\n<meta property=\"og:locale\" content=\"en_US\" \/>\n<meta property=\"og:type\" content=\"article\" \/>\n<meta property=\"og:title\" content=\"Il lavoro dei Comitati di Giflex - Giflex\" \/>\n<meta property=\"og:description\" content=\"Il grande lavoro dei Comitati di Giflex, che operano in stretta sinergia tra di loro, continua a ritmo serrato per far s\u00ec che le aziende del flessibile siano portatrici di garanzia, sicurezza e sostenibilit\u00e0 a tutela del consumatore. A questo proposito condividiamo un aggiornamento sui lavori portati ad oggi a termine e quelli in fase [&hellip;]\" \/>\n<meta property=\"og:url\" content=\"https:\/\/giflex.it\/2023\/07\/28\/il-lavoro-dei-comitati-di-giflex\/\" \/>\n<meta property=\"og:site_name\" content=\"Giflex\" \/>\n<meta property=\"article:published_time\" content=\"2023-07-28T12:29:53+00:00\" \/>\n<meta property=\"article:modified_time\" content=\"2023-07-28T12:42:00+00:00\" \/>\n<meta property=\"og:image\" content=\"https:\/\/giflex.it\/wp-content\/uploads\/sites\/5\/2023\/07\/Comitati_2.jpg\" \/>\n\t<meta property=\"og:image:width\" content=\"1445\" \/>\n\t<meta property=\"og:image:height\" content=\"957\" \/>\n\t<meta property=\"og:image:type\" content=\"image\/jpeg\" \/>\n<meta name=\"author\" content=\"elena\" \/>\n<meta name=\"twitter:card\" content=\"summary_large_image\" \/>\n<meta name=\"twitter:label1\" content=\"Written by\" \/>\n\t<meta name=\"twitter:data1\" content=\"elena\" \/>\n\t<meta name=\"twitter:label2\" content=\"Est. reading time\" \/>\n\t<meta name=\"twitter:data2\" content=\"4 minutes\" \/>\n<script type=\"application\/ld+json\" class=\"yoast-schema-graph\">{\"@context\":\"https:\\\/\\\/schema.org\",\"@graph\":[{\"@type\":\"Article\",\"@id\":\"https:\\\/\\\/giflex.it\\\/2023\\\/07\\\/28\\\/il-lavoro-dei-comitati-di-giflex\\\/#article\",\"isPartOf\":{\"@id\":\"https:\\\/\\\/giflex.it\\\/2023\\\/07\\\/28\\\/il-lavoro-dei-comitati-di-giflex\\\/\"},\"author\":{\"name\":\"elena\",\"@id\":\"https:\\\/\\\/giflex.it\\\/#\\\/schema\\\/person\\\/41056efa2ab4cc1ae4953882b8ec42d6\"},\"headline\":\"Il lavoro dei Comitati di Giflex\",\"datePublished\":\"2023-07-28T12:29:53+00:00\",\"dateModified\":\"2023-07-28T12:42:00+00:00\",\"mainEntityOfPage\":{\"@id\":\"https:\\\/\\\/giflex.it\\\/2023\\\/07\\\/28\\\/il-lavoro-dei-comitati-di-giflex\\\/\"},\"wordCount\":624,\"commentCount\":0,\"image\":{\"@id\":\"https:\\\/\\\/giflex.it\\\/2023\\\/07\\\/28\\\/il-lavoro-dei-comitati-di-giflex\\\/#primaryimage\"},\"thumbnailUrl\":\"https:\\\/\\\/giflex.it\\\/wp-content\\\/uploads\\\/sites\\\/5\\\/2023\\\/07\\\/Comitati_2.jpg\",\"articleSection\":[\"Vita associativa\"],\"inLanguage\":\"en-US\"},{\"@type\":\"WebPage\",\"@id\":\"https:\\\/\\\/giflex.it\\\/2023\\\/07\\\/28\\\/il-lavoro-dei-comitati-di-giflex\\\/\",\"url\":\"https:\\\/\\\/giflex.it\\\/2023\\\/07\\\/28\\\/il-lavoro-dei-comitati-di-giflex\\\/\",\"name\":\"Il lavoro dei Comitati di Giflex - Giflex\",\"isPartOf\":{\"@id\":\"https:\\\/\\\/giflex.it\\\/#website\"},\"primaryImageOfPage\":{\"@id\":\"https:\\\/\\\/giflex.it\\\/2023\\\/07\\\/28\\\/il-lavoro-dei-comitati-di-giflex\\\/#primaryimage\"},\"image\":{\"@id\":\"https:\\\/\\\/giflex.it\\\/2023\\\/07\\\/28\\\/il-lavoro-dei-comitati-di-giflex\\\/#primaryimage\"},\"thumbnailUrl\":\"https:\\\/\\\/giflex.it\\\/wp-content\\\/uploads\\\/sites\\\/5\\\/2023\\\/07\\\/Comitati_2.jpg\",\"datePublished\":\"2023-07-28T12:29:53+00:00\",\"dateModified\":\"2023-07-28T12:42:00+00:00\",\"author\":{\"@id\":\"https:\\\/\\\/giflex.it\\\/#\\\/schema\\\/person\\\/41056efa2ab4cc1ae4953882b8ec42d6\"},\"breadcrumb\":{\"@id\":\"https:\\\/\\\/giflex.it\\\/2023\\\/07\\\/28\\\/il-lavoro-dei-comitati-di-giflex\\\/#breadcrumb\"},\"inLanguage\":\"en-US\",\"potentialAction\":[{\"@type\":\"ReadAction\",\"target\":[\"https:\\\/\\\/giflex.it\\\/2023\\\/07\\\/28\\\/il-lavoro-dei-comitati-di-giflex\\\/\"]}]},{\"@type\":\"ImageObject\",\"inLanguage\":\"en-US\",\"@id\":\"https:\\\/\\\/giflex.it\\\/2023\\\/07\\\/28\\\/il-lavoro-dei-comitati-di-giflex\\\/#primaryimage\",\"url\":\"https:\\\/\\\/giflex.it\\\/wp-content\\\/uploads\\\/sites\\\/5\\\/2023\\\/07\\\/Comitati_2.jpg\",\"contentUrl\":\"https:\\\/\\\/giflex.it\\\/wp-content\\\/uploads\\\/sites\\\/5\\\/2023\\\/07\\\/Comitati_2.jpg\",\"width\":1445,\"height\":957},{\"@type\":\"BreadcrumbList\",\"@id\":\"https:\\\/\\\/giflex.it\\\/2023\\\/07\\\/28\\\/il-lavoro-dei-comitati-di-giflex\\\/#breadcrumb\",\"itemListElement\":[{\"@type\":\"ListItem\",\"position\":1,\"name\":\"Home\",\"item\":\"https:\\\/\\\/giflex.it\\\/\"},{\"@type\":\"ListItem\",\"position\":2,\"name\":\"Il lavoro dei Comitati di Giflex\"}]},{\"@type\":\"WebSite\",\"@id\":\"https:\\\/\\\/giflex.it\\\/#website\",\"url\":\"https:\\\/\\\/giflex.it\\\/\",\"name\":\"Giflex\",\"description\":\"Italian Flexible Packaging Association\",\"potentialAction\":[{\"@type\":\"SearchAction\",\"target\":{\"@type\":\"EntryPoint\",\"urlTemplate\":\"https:\\\/\\\/giflex.it\\\/?s={search_term_string}\"},\"query-input\":{\"@type\":\"PropertyValueSpecification\",\"valueRequired\":true,\"valueName\":\"search_term_string\"}}],\"inLanguage\":\"en-US\"},{\"@type\":\"Person\",\"@id\":\"https:\\\/\\\/giflex.it\\\/#\\\/schema\\\/person\\\/41056efa2ab4cc1ae4953882b8ec42d6\",\"name\":\"elena\",\"image\":{\"@type\":\"ImageObject\",\"inLanguage\":\"en-US\",\"@id\":\"https:\\\/\\\/secure.gravatar.com\\\/avatar\\\/d525111e4e1ae5a4d80e26ec00a9d4a6b805b9bc83c81680c793b7ffc261ca2b?s=96&d=mm&r=g\",\"url\":\"https:\\\/\\\/secure.gravatar.com\\\/avatar\\\/d525111e4e1ae5a4d80e26ec00a9d4a6b805b9bc83c81680c793b7ffc261ca2b?s=96&d=mm&r=g\",\"contentUrl\":\"https:\\\/\\\/secure.gravatar.com\\\/avatar\\\/d525111e4e1ae5a4d80e26ec00a9d4a6b805b9bc83c81680c793b7ffc261ca2b?s=96&d=mm&r=g\",\"caption\":\"elena\"},\"url\":\"https:\\\/\\\/giflex.it\\\/en\\\/author\\\/elena\\\/\"}]}<\/script>\n<!-- \/ Yoast SEO plugin. -->","yoast_head_json":{"title":"Il lavoro dei Comitati di Giflex - Giflex","robots":{"index":"index","follow":"follow","max-snippet":"max-snippet:-1","max-image-preview":"max-image-preview:large","max-video-preview":"max-video-preview:-1"},"canonical":"https:\/\/giflex.it\/2023\/07\/28\/il-lavoro-dei-comitati-di-giflex\/","og_locale":"en_US","og_type":"article","og_title":"Il lavoro dei Comitati di Giflex - Giflex","og_description":"Il grande lavoro dei Comitati di Giflex, che operano in stretta sinergia tra di loro, continua a ritmo serrato per far s\u00ec che le aziende del flessibile siano portatrici di garanzia, sicurezza e sostenibilit\u00e0 a tutela del consumatore. A questo proposito condividiamo un aggiornamento sui lavori portati ad oggi a termine e quelli in fase [&hellip;]","og_url":"https:\/\/giflex.it\/2023\/07\/28\/il-lavoro-dei-comitati-di-giflex\/","og_site_name":"Giflex","article_published_time":"2023-07-28T12:29:53+00:00","article_modified_time":"2023-07-28T12:42:00+00:00","og_image":[{"width":1445,"height":957,"url":"https:\/\/giflex.it\/wp-content\/uploads\/sites\/5\/2023\/07\/Comitati_2.jpg","type":"image\/jpeg"}],"author":"elena","twitter_card":"summary_large_image","twitter_misc":{"Written by":"elena","Est. reading time":"4 minutes"},"schema":{"@context":"https:\/\/schema.org","@graph":[{"@type":"Article","@id":"https:\/\/giflex.it\/2023\/07\/28\/il-lavoro-dei-comitati-di-giflex\/#article","isPartOf":{"@id":"https:\/\/giflex.it\/2023\/07\/28\/il-lavoro-dei-comitati-di-giflex\/"},"author":{"name":"elena","@id":"https:\/\/giflex.it\/#\/schema\/person\/41056efa2ab4cc1ae4953882b8ec42d6"},"headline":"Il lavoro dei Comitati di Giflex","datePublished":"2023-07-28T12:29:53+00:00","dateModified":"2023-07-28T12:42:00+00:00","mainEntityOfPage":{"@id":"https:\/\/giflex.it\/2023\/07\/28\/il-lavoro-dei-comitati-di-giflex\/"},"wordCount":624,"commentCount":0,"image":{"@id":"https:\/\/giflex.it\/2023\/07\/28\/il-lavoro-dei-comitati-di-giflex\/#primaryimage"},"thumbnailUrl":"https:\/\/giflex.it\/wp-content\/uploads\/sites\/5\/2023\/07\/Comitati_2.jpg","articleSection":["Vita associativa"],"inLanguage":"en-US"},{"@type":"WebPage","@id":"https:\/\/giflex.it\/2023\/07\/28\/il-lavoro-dei-comitati-di-giflex\/","url":"https:\/\/giflex.it\/2023\/07\/28\/il-lavoro-dei-comitati-di-giflex\/","name":"Il lavoro dei Comitati di Giflex - Giflex","isPartOf":{"@id":"https:\/\/giflex.it\/#website"},"primaryImageOfPage":{"@id":"https:\/\/giflex.it\/2023\/07\/28\/il-lavoro-dei-comitati-di-giflex\/#primaryimage"},"image":{"@id":"https:\/\/giflex.it\/2023\/07\/28\/il-lavoro-dei-comitati-di-giflex\/#primaryimage"},"thumbnailUrl":"https:\/\/giflex.it\/wp-content\/uploads\/sites\/5\/2023\/07\/Comitati_2.jpg","datePublished":"2023-07-28T12:29:53+00:00","dateModified":"2023-07-28T12:42:00+00:00","author":{"@id":"https:\/\/giflex.it\/#\/schema\/person\/41056efa2ab4cc1ae4953882b8ec42d6"},"breadcrumb":{"@id":"https:\/\/giflex.it\/2023\/07\/28\/il-lavoro-dei-comitati-di-giflex\/#breadcrumb"},"inLanguage":"en-US","potentialAction":[{"@type":"ReadAction","target":["https:\/\/giflex.it\/2023\/07\/28\/il-lavoro-dei-comitati-di-giflex\/"]}]},{"@type":"ImageObject","inLanguage":"en-US","@id":"https:\/\/giflex.it\/2023\/07\/28\/il-lavoro-dei-comitati-di-giflex\/#primaryimage","url":"https:\/\/giflex.it\/wp-content\/uploads\/sites\/5\/2023\/07\/Comitati_2.jpg","contentUrl":"https:\/\/giflex.it\/wp-content\/uploads\/sites\/5\/2023\/07\/Comitati_2.jpg","width":1445,"height":957},{"@type":"BreadcrumbList","@id":"https:\/\/giflex.it\/2023\/07\/28\/il-lavoro-dei-comitati-di-giflex\/#breadcrumb","itemListElement":[{"@type":"ListItem","position":1,"name":"Home","item":"https:\/\/giflex.it\/"},{"@type":"ListItem","position":2,"name":"Il lavoro dei Comitati di Giflex"}]},{"@type":"WebSite","@id":"https:\/\/giflex.it\/#website","url":"https:\/\/giflex.it\/","name":"Giflex","description":"Italian Flexible Packaging Association","potentialAction":[{"@type":"SearchAction","target":{"@type":"EntryPoint","urlTemplate":"https:\/\/giflex.it\/?s={search_term_string}"},"query-input":{"@type":"PropertyValueSpecification","valueRequired":true,"valueName":"search_term_string"}}],"inLanguage":"en-US"},{"@type":"Person","@id":"https:\/\/giflex.it\/#\/schema\/person\/41056efa2ab4cc1ae4953882b8ec42d6","name":"elena","image":{"@type":"ImageObject","inLanguage":"en-US","@id":"https:\/\/secure.gravatar.com\/avatar\/d525111e4e1ae5a4d80e26ec00a9d4a6b805b9bc83c81680c793b7ffc261ca2b?s=96&d=mm&r=g","url":"https:\/\/secure.gravatar.com\/avatar\/d525111e4e1ae5a4d80e26ec00a9d4a6b805b9bc83c81680c793b7ffc261ca2b?s=96&d=mm&r=g","contentUrl":"https:\/\/secure.gravatar.com\/avatar\/d525111e4e1ae5a4d80e26ec00a9d4a6b805b9bc83c81680c793b7ffc261ca2b?s=96&d=mm&r=g","caption":"elena"},"url":"https:\/\/giflex.it\/en\/author\/elena\/"}]}},"_links":{"self":[{"href":"https:\/\/giflex.it\/en\/wp-json\/wp\/v2\/posts\/6364","targetHints":{"allow":["GET"]}}],"collection":[{"href":"https:\/\/giflex.it\/en\/wp-json\/wp\/v2\/posts"}],"about":[{"href":"https:\/\/giflex.it\/en\/wp-json\/wp\/v2\/types\/post"}],"author":[{"embeddable":true,"href":"https:\/\/giflex.it\/en\/wp-json\/wp\/v2\/users\/9"}],"replies":[{"embeddable":true,"href":"https:\/\/giflex.it\/en\/wp-json\/wp\/v2\/comments?post=6364"}],"version-history":[{"count":1,"href":"https:\/\/giflex.it\/en\/wp-json\/wp\/v2\/posts\/6364\/revisions"}],"predecessor-version":[{"id":6368,"href":"https:\/\/giflex.it\/en\/wp-json\/wp\/v2\/posts\/6364\/revisions\/6368"}],"wp:featuredmedia":[{"embeddable":true,"href":"https:\/\/giflex.it\/en\/wp-json\/wp\/v2\/media\/6367"}],"wp:attachment":[{"href":"https:\/\/giflex.it\/en\/wp-json\/wp\/v2\/media?parent=6364"}],"wp:term":[{"taxonomy":"category","embeddable":true,"href":"https:\/\/giflex.it\/en\/wp-json\/wp\/v2\/categories?post=6364"},{"taxonomy":"post_tag","embeddable":true,"href":"https:\/\/giflex.it\/en\/wp-json\/wp\/v2\/tags?post=6364"},{"taxonomy":"fonte","embeddable":true,"href":"https:\/\/giflex.it\/en\/wp-json\/wp\/v2\/fonte?post=6364"},{"taxonomy":"posizione","embeddable":true,"href":"https:\/\/giflex.it\/en\/wp-json\/wp\/v2\/posizione?post=6364"}],"curies":[{"name":"wp","href":"https:\/\/api.w.org\/{rel}","templated":true}]}}