{"id":3331,"date":"2022-05-12T18:22:26","date_gmt":"2022-05-12T16:22:26","guid":{"rendered":"https:\/\/giflex.it\/?p=3331"},"modified":"2022-05-23T18:25:06","modified_gmt":"2022-05-23T16:25:06","slug":"giflex-incontra-la-stampa","status":"publish","type":"post","link":"https:\/\/giflex.it\/en\/2022\/05\/12\/giflex-incontra-la-stampa\/","title":{"rendered":"Giflex incontra la stampa"},"content":{"rendered":"<p><img loading=\"lazy\" decoding=\"async\" class=\"alignnone wp-image-3332 size-full\" src=\"https:\/\/giflex.it\/wp-content\/uploads\/sites\/5\/2022\/05\/Presslunch-scaled-e1653323082596.jpg\" alt=\"\" width=\"2105\" height=\"1721\" \/><\/p>\n<p>Creare un momento e uno spazio di confronto con gli opinion maker sui temi d\u2019attualit\u00e0 \u00e8 diventato un appuntamento importante per Giflex.<\/p>\n<p>Per questo lo scorso 11 maggio, a Milano, si \u00e8 svolto l\u2019incontro con la stampa dal titolo #\u00e8ilmomentodiesserci. Obiettivo: anticipare i contenuti dell\u2019imminente Congresso di primavera a Roma.<\/p>\n<p>\u201cQuattro le aree tematiche al centro dei nostri stati generali: trend macroeconomici; sostenibilit\u00e0&amp;economia circolare, valore identitario dell\u2019imballaggio flessibile, design thinking\u201d, ha sottolineato Alberto Palaveri, Presidente Giflex, durante il suo intervento.<\/p>\n<p>\u201c\u00c8 importante continuare a raccontare perch\u00e9 facciamo quello che facciamo \u2013 ha continuato Palaveri &#8211; per divulgare in maniera scientifica e culturale i valori dell\u2019imballaggio flessibile e quanto sia importante agire in quest\u2019epoca di incertezza e discontinuit\u00e0 con un nuovo approccio e facendo sistema. Ora pi\u00f9 che mai \u00e8 il momento di esserci!\u201d.<\/p>\n","protected":false},"excerpt":{"rendered":"<p>Creare un momento e uno spazio di confronto con gli opinion maker sui temi d\u2019attualit\u00e0 \u00e8 diventato un appuntamento importante per Giflex. Per questo lo scorso 11 maggio, a Milano, si \u00e8 svolto l\u2019incontro con la stampa dal titolo #\u00e8ilmomentodiesserci. Obiettivo: anticipare i contenuti dell\u2019imminente Congresso di primavera a Roma. \u201cQuattro le aree tematiche al [&hellip;]<\/p>\n","protected":false},"author":9,"featured_media":3332,"comment_status":"open","ping_status":"open","sticky":false,"template":"","format":"standard","meta":{"_acf_changed":false,"_et_pb_use_builder":"","_et_pb_old_content":"","_et_gb_content_width":"","inline_featured_image":false,"footnotes":""},"categories":[73],"tags":[],"fonte":[],"posizione":[32,7],"class_list":["post-3331","post","type-post","status-publish","format-standard","has-post-thumbnail","hentry","category-comunicazione","posizione-eventi","posizione-news-giflex"],"acf":[],"yoast_head":"<!-- This site is optimized with the Yoast SEO plugin v27.5 - https:\/\/yoast.com\/product\/yoast-seo-wordpress\/ -->\n<title>Giflex incontra la stampa - Giflex<\/title>\n<meta name=\"robots\" content=\"index, follow, max-snippet:-1, max-image-preview:large, max-video-preview:-1\" \/>\n<link rel=\"canonical\" href=\"https:\/\/giflex.it\/2022\/05\/12\/giflex-incontra-la-stampa\/\" \/>\n<meta property=\"og:locale\" content=\"en_US\" \/>\n<meta property=\"og:type\" content=\"article\" \/>\n<meta property=\"og:title\" content=\"Giflex incontra la stampa - Giflex\" \/>\n<meta property=\"og:description\" content=\"Creare un momento e uno spazio di confronto con gli opinion maker sui temi d\u2019attualit\u00e0 \u00e8 diventato un appuntamento importante per Giflex. Per questo lo scorso 11 maggio, a Milano, si \u00e8 svolto l\u2019incontro con la stampa dal titolo #\u00e8ilmomentodiesserci. Obiettivo: anticipare i contenuti dell\u2019imminente Congresso di primavera a Roma. \u201cQuattro le aree tematiche al [&hellip;]\" \/>\n<meta property=\"og:url\" content=\"https:\/\/giflex.it\/2022\/05\/12\/giflex-incontra-la-stampa\/\" \/>\n<meta property=\"og:site_name\" content=\"Giflex\" \/>\n<meta property=\"article:published_time\" content=\"2022-05-12T16:22:26+00:00\" \/>\n<meta property=\"article:modified_time\" content=\"2022-05-23T16:25:06+00:00\" \/>\n<meta property=\"og:image\" content=\"https:\/\/giflex.it\/wp-content\/uploads\/sites\/5\/2022\/05\/Presslunch-scaled-e1653323082596.jpg\" \/>\n\t<meta property=\"og:image:width\" content=\"2105\" \/>\n\t<meta property=\"og:image:height\" content=\"1721\" \/>\n\t<meta property=\"og:image:type\" content=\"image\/jpeg\" \/>\n<meta name=\"author\" content=\"elena\" \/>\n<meta name=\"twitter:card\" content=\"summary_large_image\" \/>\n<meta name=\"twitter:label1\" content=\"Written by\" \/>\n\t<meta name=\"twitter:data1\" content=\"elena\" \/>\n\t<meta name=\"twitter:label2\" content=\"Est. reading time\" \/>\n\t<meta name=\"twitter:data2\" content=\"1 minute\" \/>\n<script type=\"application\/ld+json\" class=\"yoast-schema-graph\">{\"@context\":\"https:\\\/\\\/schema.org\",\"@graph\":[{\"@type\":\"Article\",\"@id\":\"https:\\\/\\\/giflex.it\\\/2022\\\/05\\\/12\\\/giflex-incontra-la-stampa\\\/#article\",\"isPartOf\":{\"@id\":\"https:\\\/\\\/giflex.it\\\/2022\\\/05\\\/12\\\/giflex-incontra-la-stampa\\\/\"},\"author\":{\"name\":\"elena\",\"@id\":\"https:\\\/\\\/giflex.it\\\/#\\\/schema\\\/person\\\/41056efa2ab4cc1ae4953882b8ec42d6\"},\"headline\":\"Giflex incontra la stampa\",\"datePublished\":\"2022-05-12T16:22:26+00:00\",\"dateModified\":\"2022-05-23T16:25:06+00:00\",\"mainEntityOfPage\":{\"@id\":\"https:\\\/\\\/giflex.it\\\/2022\\\/05\\\/12\\\/giflex-incontra-la-stampa\\\/\"},\"wordCount\":139,\"commentCount\":0,\"image\":{\"@id\":\"https:\\\/\\\/giflex.it\\\/2022\\\/05\\\/12\\\/giflex-incontra-la-stampa\\\/#primaryimage\"},\"thumbnailUrl\":\"https:\\\/\\\/giflex.it\\\/wp-content\\\/uploads\\\/sites\\\/5\\\/2022\\\/05\\\/Presslunch-scaled-e1653323082596.jpg\",\"articleSection\":[\"Comunicazione\"],\"inLanguage\":\"en-US\"},{\"@type\":\"WebPage\",\"@id\":\"https:\\\/\\\/giflex.it\\\/2022\\\/05\\\/12\\\/giflex-incontra-la-stampa\\\/\",\"url\":\"https:\\\/\\\/giflex.it\\\/2022\\\/05\\\/12\\\/giflex-incontra-la-stampa\\\/\",\"name\":\"Giflex incontra la stampa - Giflex\",\"isPartOf\":{\"@id\":\"https:\\\/\\\/giflex.it\\\/#website\"},\"primaryImageOfPage\":{\"@id\":\"https:\\\/\\\/giflex.it\\\/2022\\\/05\\\/12\\\/giflex-incontra-la-stampa\\\/#primaryimage\"},\"image\":{\"@id\":\"https:\\\/\\\/giflex.it\\\/2022\\\/05\\\/12\\\/giflex-incontra-la-stampa\\\/#primaryimage\"},\"thumbnailUrl\":\"https:\\\/\\\/giflex.it\\\/wp-content\\\/uploads\\\/sites\\\/5\\\/2022\\\/05\\\/Presslunch-scaled-e1653323082596.jpg\",\"datePublished\":\"2022-05-12T16:22:26+00:00\",\"dateModified\":\"2022-05-23T16:25:06+00:00\",\"author\":{\"@id\":\"https:\\\/\\\/giflex.it\\\/#\\\/schema\\\/person\\\/41056efa2ab4cc1ae4953882b8ec42d6\"},\"breadcrumb\":{\"@id\":\"https:\\\/\\\/giflex.it\\\/2022\\\/05\\\/12\\\/giflex-incontra-la-stampa\\\/#breadcrumb\"},\"inLanguage\":\"en-US\",\"potentialAction\":[{\"@type\":\"ReadAction\",\"target\":[\"https:\\\/\\\/giflex.it\\\/2022\\\/05\\\/12\\\/giflex-incontra-la-stampa\\\/\"]}]},{\"@type\":\"ImageObject\",\"inLanguage\":\"en-US\",\"@id\":\"https:\\\/\\\/giflex.it\\\/2022\\\/05\\\/12\\\/giflex-incontra-la-stampa\\\/#primaryimage\",\"url\":\"https:\\\/\\\/giflex.it\\\/wp-content\\\/uploads\\\/sites\\\/5\\\/2022\\\/05\\\/Presslunch-scaled-e1653323082596.jpg\",\"contentUrl\":\"https:\\\/\\\/giflex.it\\\/wp-content\\\/uploads\\\/sites\\\/5\\\/2022\\\/05\\\/Presslunch-scaled-e1653323082596.jpg\",\"width\":2105,\"height\":1721},{\"@type\":\"BreadcrumbList\",\"@id\":\"https:\\\/\\\/giflex.it\\\/2022\\\/05\\\/12\\\/giflex-incontra-la-stampa\\\/#breadcrumb\",\"itemListElement\":[{\"@type\":\"ListItem\",\"position\":1,\"name\":\"Home\",\"item\":\"https:\\\/\\\/giflex.it\\\/\"},{\"@type\":\"ListItem\",\"position\":2,\"name\":\"Giflex incontra la stampa\"}]},{\"@type\":\"WebSite\",\"@id\":\"https:\\\/\\\/giflex.it\\\/#website\",\"url\":\"https:\\\/\\\/giflex.it\\\/\",\"name\":\"Giflex\",\"description\":\"Italian Flexible Packaging Association\",\"potentialAction\":[{\"@type\":\"SearchAction\",\"target\":{\"@type\":\"EntryPoint\",\"urlTemplate\":\"https:\\\/\\\/giflex.it\\\/?s={search_term_string}\"},\"query-input\":{\"@type\":\"PropertyValueSpecification\",\"valueRequired\":true,\"valueName\":\"search_term_string\"}}],\"inLanguage\":\"en-US\"},{\"@type\":\"Person\",\"@id\":\"https:\\\/\\\/giflex.it\\\/#\\\/schema\\\/person\\\/41056efa2ab4cc1ae4953882b8ec42d6\",\"name\":\"elena\",\"image\":{\"@type\":\"ImageObject\",\"inLanguage\":\"en-US\",\"@id\":\"https:\\\/\\\/secure.gravatar.com\\\/avatar\\\/d525111e4e1ae5a4d80e26ec00a9d4a6b805b9bc83c81680c793b7ffc261ca2b?s=96&d=mm&r=g\",\"url\":\"https:\\\/\\\/secure.gravatar.com\\\/avatar\\\/d525111e4e1ae5a4d80e26ec00a9d4a6b805b9bc83c81680c793b7ffc261ca2b?s=96&d=mm&r=g\",\"contentUrl\":\"https:\\\/\\\/secure.gravatar.com\\\/avatar\\\/d525111e4e1ae5a4d80e26ec00a9d4a6b805b9bc83c81680c793b7ffc261ca2b?s=96&d=mm&r=g\",\"caption\":\"elena\"},\"url\":\"https:\\\/\\\/giflex.it\\\/en\\\/author\\\/elena\\\/\"}]}<\/script>\n<!-- \/ Yoast SEO plugin. -->","yoast_head_json":{"title":"Giflex incontra la stampa - Giflex","robots":{"index":"index","follow":"follow","max-snippet":"max-snippet:-1","max-image-preview":"max-image-preview:large","max-video-preview":"max-video-preview:-1"},"canonical":"https:\/\/giflex.it\/2022\/05\/12\/giflex-incontra-la-stampa\/","og_locale":"en_US","og_type":"article","og_title":"Giflex incontra la stampa - Giflex","og_description":"Creare un momento e uno spazio di confronto con gli opinion maker sui temi d\u2019attualit\u00e0 \u00e8 diventato un appuntamento importante per Giflex. Per questo lo scorso 11 maggio, a Milano, si \u00e8 svolto l\u2019incontro con la stampa dal titolo #\u00e8ilmomentodiesserci. Obiettivo: anticipare i contenuti dell\u2019imminente Congresso di primavera a Roma. \u201cQuattro le aree tematiche al [&hellip;]","og_url":"https:\/\/giflex.it\/2022\/05\/12\/giflex-incontra-la-stampa\/","og_site_name":"Giflex","article_published_time":"2022-05-12T16:22:26+00:00","article_modified_time":"2022-05-23T16:25:06+00:00","og_image":[{"width":2105,"height":1721,"url":"https:\/\/giflex.it\/wp-content\/uploads\/sites\/5\/2022\/05\/Presslunch-scaled-e1653323082596.jpg","type":"image\/jpeg"}],"author":"elena","twitter_card":"summary_large_image","twitter_misc":{"Written by":"elena","Est. reading time":"1 minute"},"schema":{"@context":"https:\/\/schema.org","@graph":[{"@type":"Article","@id":"https:\/\/giflex.it\/2022\/05\/12\/giflex-incontra-la-stampa\/#article","isPartOf":{"@id":"https:\/\/giflex.it\/2022\/05\/12\/giflex-incontra-la-stampa\/"},"author":{"name":"elena","@id":"https:\/\/giflex.it\/#\/schema\/person\/41056efa2ab4cc1ae4953882b8ec42d6"},"headline":"Giflex incontra la stampa","datePublished":"2022-05-12T16:22:26+00:00","dateModified":"2022-05-23T16:25:06+00:00","mainEntityOfPage":{"@id":"https:\/\/giflex.it\/2022\/05\/12\/giflex-incontra-la-stampa\/"},"wordCount":139,"commentCount":0,"image":{"@id":"https:\/\/giflex.it\/2022\/05\/12\/giflex-incontra-la-stampa\/#primaryimage"},"thumbnailUrl":"https:\/\/giflex.it\/wp-content\/uploads\/sites\/5\/2022\/05\/Presslunch-scaled-e1653323082596.jpg","articleSection":["Comunicazione"],"inLanguage":"en-US"},{"@type":"WebPage","@id":"https:\/\/giflex.it\/2022\/05\/12\/giflex-incontra-la-stampa\/","url":"https:\/\/giflex.it\/2022\/05\/12\/giflex-incontra-la-stampa\/","name":"Giflex incontra la stampa - Giflex","isPartOf":{"@id":"https:\/\/giflex.it\/#website"},"primaryImageOfPage":{"@id":"https:\/\/giflex.it\/2022\/05\/12\/giflex-incontra-la-stampa\/#primaryimage"},"image":{"@id":"https:\/\/giflex.it\/2022\/05\/12\/giflex-incontra-la-stampa\/#primaryimage"},"thumbnailUrl":"https:\/\/giflex.it\/wp-content\/uploads\/sites\/5\/2022\/05\/Presslunch-scaled-e1653323082596.jpg","datePublished":"2022-05-12T16:22:26+00:00","dateModified":"2022-05-23T16:25:06+00:00","author":{"@id":"https:\/\/giflex.it\/#\/schema\/person\/41056efa2ab4cc1ae4953882b8ec42d6"},"breadcrumb":{"@id":"https:\/\/giflex.it\/2022\/05\/12\/giflex-incontra-la-stampa\/#breadcrumb"},"inLanguage":"en-US","potentialAction":[{"@type":"ReadAction","target":["https:\/\/giflex.it\/2022\/05\/12\/giflex-incontra-la-stampa\/"]}]},{"@type":"ImageObject","inLanguage":"en-US","@id":"https:\/\/giflex.it\/2022\/05\/12\/giflex-incontra-la-stampa\/#primaryimage","url":"https:\/\/giflex.it\/wp-content\/uploads\/sites\/5\/2022\/05\/Presslunch-scaled-e1653323082596.jpg","contentUrl":"https:\/\/giflex.it\/wp-content\/uploads\/sites\/5\/2022\/05\/Presslunch-scaled-e1653323082596.jpg","width":2105,"height":1721},{"@type":"BreadcrumbList","@id":"https:\/\/giflex.it\/2022\/05\/12\/giflex-incontra-la-stampa\/#breadcrumb","itemListElement":[{"@type":"ListItem","position":1,"name":"Home","item":"https:\/\/giflex.it\/"},{"@type":"ListItem","position":2,"name":"Giflex incontra la stampa"}]},{"@type":"WebSite","@id":"https:\/\/giflex.it\/#website","url":"https:\/\/giflex.it\/","name":"Giflex","description":"Italian Flexible Packaging Association","potentialAction":[{"@type":"SearchAction","target":{"@type":"EntryPoint","urlTemplate":"https:\/\/giflex.it\/?s={search_term_string}"},"query-input":{"@type":"PropertyValueSpecification","valueRequired":true,"valueName":"search_term_string"}}],"inLanguage":"en-US"},{"@type":"Person","@id":"https:\/\/giflex.it\/#\/schema\/person\/41056efa2ab4cc1ae4953882b8ec42d6","name":"elena","image":{"@type":"ImageObject","inLanguage":"en-US","@id":"https:\/\/secure.gravatar.com\/avatar\/d525111e4e1ae5a4d80e26ec00a9d4a6b805b9bc83c81680c793b7ffc261ca2b?s=96&d=mm&r=g","url":"https:\/\/secure.gravatar.com\/avatar\/d525111e4e1ae5a4d80e26ec00a9d4a6b805b9bc83c81680c793b7ffc261ca2b?s=96&d=mm&r=g","contentUrl":"https:\/\/secure.gravatar.com\/avatar\/d525111e4e1ae5a4d80e26ec00a9d4a6b805b9bc83c81680c793b7ffc261ca2b?s=96&d=mm&r=g","caption":"elena"},"url":"https:\/\/giflex.it\/en\/author\/elena\/"}]}},"_links":{"self":[{"href":"https:\/\/giflex.it\/en\/wp-json\/wp\/v2\/posts\/3331","targetHints":{"allow":["GET"]}}],"collection":[{"href":"https:\/\/giflex.it\/en\/wp-json\/wp\/v2\/posts"}],"about":[{"href":"https:\/\/giflex.it\/en\/wp-json\/wp\/v2\/types\/post"}],"author":[{"embeddable":true,"href":"https:\/\/giflex.it\/en\/wp-json\/wp\/v2\/users\/9"}],"replies":[{"embeddable":true,"href":"https:\/\/giflex.it\/en\/wp-json\/wp\/v2\/comments?post=3331"}],"version-history":[{"count":3,"href":"https:\/\/giflex.it\/en\/wp-json\/wp\/v2\/posts\/3331\/revisions"}],"predecessor-version":[{"id":3335,"href":"https:\/\/giflex.it\/en\/wp-json\/wp\/v2\/posts\/3331\/revisions\/3335"}],"wp:featuredmedia":[{"embeddable":true,"href":"https:\/\/giflex.it\/en\/wp-json\/wp\/v2\/media\/3332"}],"wp:attachment":[{"href":"https:\/\/giflex.it\/en\/wp-json\/wp\/v2\/media?parent=3331"}],"wp:term":[{"taxonomy":"category","embeddable":true,"href":"https:\/\/giflex.it\/en\/wp-json\/wp\/v2\/categories?post=3331"},{"taxonomy":"post_tag","embeddable":true,"href":"https:\/\/giflex.it\/en\/wp-json\/wp\/v2\/tags?post=3331"},{"taxonomy":"fonte","embeddable":true,"href":"https:\/\/giflex.it\/en\/wp-json\/wp\/v2\/fonte?post=3331"},{"taxonomy":"posizione","embeddable":true,"href":"https:\/\/giflex.it\/en\/wp-json\/wp\/v2\/posizione?post=3331"}],"curies":[{"name":"wp","href":"https:\/\/api.w.org\/{rel}","templated":true}]}}