{"id":2812,"date":"2021-12-21T15:01:36","date_gmt":"2021-12-21T14:01:36","guid":{"rendered":"https:\/\/assografici.it\/?p=4016"},"modified":"2022-01-20T16:06:10","modified_gmt":"2022-01-20T15:06:10","slug":"al-via-la-seconda-edizione-del-corso-di-design-e-sostenibilita-imballaggi","status":"publish","type":"post","link":"https:\/\/giflex.it\/en\/2021\/12\/21\/al-via-la-seconda-edizione-del-corso-di-design-e-sostenibilita-imballaggi\/","title":{"rendered":"Al via la Seconda edizione del Corso di Design E Sostenibilit\u00e0 Imballaggi"},"content":{"rendered":"<p>Al via la seconda edizione del <strong>Corso di Alta formazione su Design e Sostenibilit\u00e0 degli Imballaggi<\/strong>, espressamente mirata al mondo Packaging.<\/p>\n<p>Anche la <strong>proposta formativa 2022, ideata da Assografici ed Enipg<\/strong> in stretta collaborazione con il Democenter di Modena e il Dipartimento di Architettura dell\u2019Universit\u00e0 di Bologna, nasce dall\u2019esigenza di rispondere ai profondi cambiamenti e alle spinte innovative della filiera cartotecnica\/packaging in ottica sostenibilit\u00e0, economia circolare, Industry 4.0 e sar\u00e0 ancora offerta in modalit\u00e0 videoconferenza sincrona.<\/p>\n<p>Grazie all&#8217;impegno dei docenti, il corso \u00e8 stato aggiornato con un ampliamento delle attivit\u00e0 pratiche di sviluppo mediante l\u2019utilizzo di nuove licenze CAD installabili sui p.c. dei partecipanti ed \u00e8 previsto un maggior numero di ore di formazione,\u00a0<strong>58<\/strong>, con la programmazione di ulteriori attivit\u00e0 di project work.<\/p>\n<p>L\u2019obiettivo \u00e8 sempre quello di perfezionare le competenze di\u00a0<strong>figure professionali altamente specializzate<\/strong>, aggiornate con conoscenze tecniche su\u00a0<strong>materiali e tecnologie<\/strong>\u00a0sviluppandone, allo stesso tempo, forti capacit\u00e0 progettuali orientate al cambiamento.<\/p>\n<p>Grazie al supporto tecnico scientifico di docenti universitari e professionisti il corso di\u00a0<strong>Alta formazione DESI<\/strong>, offre ai partecipanti\u00a0<strong>soluzioni immediatamente spendibili in ambito aziendale<\/strong>.<\/p>\n<p>Le lezioni, erogate in\u00a0<strong>videoconferenza sincrona<\/strong>, inizieranno il\u00a0<strong>24 febbraio<\/strong>\u00a0e si concluderanno il\u00a0<strong>22 aprile 2022<\/strong>, con un numero massimo di\u00a0<strong>20 partecipanti<\/strong>\u00a0per agevolare la didattica in FAD.<\/p>\n<p>Calendario delle lezioni, dettaglio dei contenuti, costi di partecipazione agevolati per gli Associati e scheda di iscrizione sono riportati nella seguente brochure:<\/p>\n<p><a href=\"https:\/\/assografici.it\/wp-content\/uploads\/2021\/12\/Format_Brochure_DESI_2022_on_line_06FB.pdf\">Brochure_DESI_2022<\/a><\/p>\n","protected":false},"excerpt":{"rendered":"<p>Al via la seconda edizione del Corso di Alta formazione su Design e Sostenibilit\u00e0 degli Imballaggi, espressamente mirata al mondo Packaging. Anche la proposta formativa 2022, ideata da Assografici ed Enipg in stretta collaborazione con il Democenter di Modena e il Dipartimento di Architettura dell\u2019Universit\u00e0 di Bologna, nasce dall\u2019esigenza di rispondere ai profondi cambiamenti e [&hellip;]<\/p>\n","protected":false},"author":8,"featured_media":2813,"comment_status":"open","ping_status":"open","sticky":false,"template":"","format":"standard","meta":{"_acf_changed":false,"_et_pb_use_builder":"","_et_pb_old_content":"","_et_gb_content_width":"","inline_featured_image":false,"footnotes":""},"categories":[79],"tags":[],"fonte":[84],"posizione":[8],"class_list":["post-2812","post","type-post","status-publish","format-standard","has-post-thumbnail","hentry","category-formazione","fonte-assografici","posizione-news-di-federazione"],"acf":[],"yoast_head":"<!-- This site is optimized with the Yoast SEO plugin v27.5 - https:\/\/yoast.com\/product\/yoast-seo-wordpress\/ -->\n<title>Al via la Seconda edizione del Corso di Design E Sostenibilit\u00e0 Imballaggi - Giflex<\/title>\n<meta name=\"robots\" content=\"index, follow, max-snippet:-1, max-image-preview:large, max-video-preview:-1\" \/>\n<link rel=\"canonical\" href=\"https:\/\/giflex.it\/2021\/12\/21\/al-via-la-seconda-edizione-del-corso-di-design-e-sostenibilita-imballaggi\/\" \/>\n<meta property=\"og:locale\" content=\"en_US\" \/>\n<meta property=\"og:type\" content=\"article\" \/>\n<meta property=\"og:title\" content=\"Al via la Seconda edizione del Corso di Design E Sostenibilit\u00e0 Imballaggi - Giflex\" \/>\n<meta property=\"og:description\" content=\"Al via la seconda edizione del Corso di Alta formazione su Design e Sostenibilit\u00e0 degli Imballaggi, espressamente mirata al mondo Packaging. Anche la proposta formativa 2022, ideata da Assografici ed Enipg in stretta collaborazione con il Democenter di Modena e il Dipartimento di Architettura dell\u2019Universit\u00e0 di Bologna, nasce dall\u2019esigenza di rispondere ai profondi cambiamenti e [&hellip;]\" \/>\n<meta property=\"og:url\" content=\"https:\/\/giflex.it\/2021\/12\/21\/al-via-la-seconda-edizione-del-corso-di-design-e-sostenibilita-imballaggi\/\" \/>\n<meta property=\"og:site_name\" content=\"Giflex\" \/>\n<meta property=\"article:published_time\" content=\"2021-12-21T14:01:36+00:00\" \/>\n<meta property=\"article:modified_time\" content=\"2022-01-20T15:06:10+00:00\" \/>\n<meta property=\"og:image\" content=\"https:\/\/giflex.it\/wp-content\/uploads\/sites\/5\/2022\/01\/Schermata-2021-12-21-alle-15.00.10.png\" \/>\n\t<meta property=\"og:image:width\" content=\"474\" \/>\n\t<meta property=\"og:image:height\" content=\"638\" \/>\n\t<meta property=\"og:image:type\" content=\"image\/png\" \/>\n<meta name=\"author\" content=\"ruggero\" \/>\n<meta name=\"twitter:card\" content=\"summary_large_image\" \/>\n<meta name=\"twitter:label1\" content=\"Written by\" \/>\n\t<meta name=\"twitter:data1\" content=\"ruggero\" \/>\n\t<meta name=\"twitter:label2\" content=\"Est. reading time\" \/>\n\t<meta name=\"twitter:data2\" content=\"2 minutes\" \/>\n<script type=\"application\/ld+json\" class=\"yoast-schema-graph\">{\"@context\":\"https:\\\/\\\/schema.org\",\"@graph\":[{\"@type\":\"Article\",\"@id\":\"https:\\\/\\\/giflex.it\\\/2021\\\/12\\\/21\\\/al-via-la-seconda-edizione-del-corso-di-design-e-sostenibilita-imballaggi\\\/#article\",\"isPartOf\":{\"@id\":\"https:\\\/\\\/giflex.it\\\/2021\\\/12\\\/21\\\/al-via-la-seconda-edizione-del-corso-di-design-e-sostenibilita-imballaggi\\\/\"},\"author\":{\"name\":\"ruggero\",\"@id\":\"https:\\\/\\\/giflex.it\\\/#\\\/schema\\\/person\\\/d9e69f409f0f83e24b4b3e2d331a3589\"},\"headline\":\"Al via la Seconda edizione del Corso di Design E Sostenibilit\u00e0 Imballaggi\",\"datePublished\":\"2021-12-21T14:01:36+00:00\",\"dateModified\":\"2022-01-20T15:06:10+00:00\",\"mainEntityOfPage\":{\"@id\":\"https:\\\/\\\/giflex.it\\\/2021\\\/12\\\/21\\\/al-via-la-seconda-edizione-del-corso-di-design-e-sostenibilita-imballaggi\\\/\"},\"wordCount\":243,\"commentCount\":0,\"image\":{\"@id\":\"https:\\\/\\\/giflex.it\\\/2021\\\/12\\\/21\\\/al-via-la-seconda-edizione-del-corso-di-design-e-sostenibilita-imballaggi\\\/#primaryimage\"},\"thumbnailUrl\":\"https:\\\/\\\/giflex.it\\\/wp-content\\\/uploads\\\/sites\\\/5\\\/2022\\\/01\\\/Schermata-2021-12-21-alle-15.00.10.png\",\"articleSection\":[\"Formazione\"],\"inLanguage\":\"en-US\"},{\"@type\":\"WebPage\",\"@id\":\"https:\\\/\\\/giflex.it\\\/2021\\\/12\\\/21\\\/al-via-la-seconda-edizione-del-corso-di-design-e-sostenibilita-imballaggi\\\/\",\"url\":\"https:\\\/\\\/giflex.it\\\/2021\\\/12\\\/21\\\/al-via-la-seconda-edizione-del-corso-di-design-e-sostenibilita-imballaggi\\\/\",\"name\":\"Al via la Seconda edizione del Corso di Design E Sostenibilit\u00e0 Imballaggi - Giflex\",\"isPartOf\":{\"@id\":\"https:\\\/\\\/giflex.it\\\/#website\"},\"primaryImageOfPage\":{\"@id\":\"https:\\\/\\\/giflex.it\\\/2021\\\/12\\\/21\\\/al-via-la-seconda-edizione-del-corso-di-design-e-sostenibilita-imballaggi\\\/#primaryimage\"},\"image\":{\"@id\":\"https:\\\/\\\/giflex.it\\\/2021\\\/12\\\/21\\\/al-via-la-seconda-edizione-del-corso-di-design-e-sostenibilita-imballaggi\\\/#primaryimage\"},\"thumbnailUrl\":\"https:\\\/\\\/giflex.it\\\/wp-content\\\/uploads\\\/sites\\\/5\\\/2022\\\/01\\\/Schermata-2021-12-21-alle-15.00.10.png\",\"datePublished\":\"2021-12-21T14:01:36+00:00\",\"dateModified\":\"2022-01-20T15:06:10+00:00\",\"author\":{\"@id\":\"https:\\\/\\\/giflex.it\\\/#\\\/schema\\\/person\\\/d9e69f409f0f83e24b4b3e2d331a3589\"},\"breadcrumb\":{\"@id\":\"https:\\\/\\\/giflex.it\\\/2021\\\/12\\\/21\\\/al-via-la-seconda-edizione-del-corso-di-design-e-sostenibilita-imballaggi\\\/#breadcrumb\"},\"inLanguage\":\"en-US\",\"potentialAction\":[{\"@type\":\"ReadAction\",\"target\":[\"https:\\\/\\\/giflex.it\\\/2021\\\/12\\\/21\\\/al-via-la-seconda-edizione-del-corso-di-design-e-sostenibilita-imballaggi\\\/\"]}]},{\"@type\":\"ImageObject\",\"inLanguage\":\"en-US\",\"@id\":\"https:\\\/\\\/giflex.it\\\/2021\\\/12\\\/21\\\/al-via-la-seconda-edizione-del-corso-di-design-e-sostenibilita-imballaggi\\\/#primaryimage\",\"url\":\"https:\\\/\\\/giflex.it\\\/wp-content\\\/uploads\\\/sites\\\/5\\\/2022\\\/01\\\/Schermata-2021-12-21-alle-15.00.10.png\",\"contentUrl\":\"https:\\\/\\\/giflex.it\\\/wp-content\\\/uploads\\\/sites\\\/5\\\/2022\\\/01\\\/Schermata-2021-12-21-alle-15.00.10.png\",\"width\":474,\"height\":638},{\"@type\":\"BreadcrumbList\",\"@id\":\"https:\\\/\\\/giflex.it\\\/2021\\\/12\\\/21\\\/al-via-la-seconda-edizione-del-corso-di-design-e-sostenibilita-imballaggi\\\/#breadcrumb\",\"itemListElement\":[{\"@type\":\"ListItem\",\"position\":1,\"name\":\"Home\",\"item\":\"https:\\\/\\\/giflex.it\\\/\"},{\"@type\":\"ListItem\",\"position\":2,\"name\":\"Al via la Seconda edizione del Corso di Design E Sostenibilit\u00e0 Imballaggi\"}]},{\"@type\":\"WebSite\",\"@id\":\"https:\\\/\\\/giflex.it\\\/#website\",\"url\":\"https:\\\/\\\/giflex.it\\\/\",\"name\":\"Giflex\",\"description\":\"Italian Flexible Packaging Association\",\"potentialAction\":[{\"@type\":\"SearchAction\",\"target\":{\"@type\":\"EntryPoint\",\"urlTemplate\":\"https:\\\/\\\/giflex.it\\\/?s={search_term_string}\"},\"query-input\":{\"@type\":\"PropertyValueSpecification\",\"valueRequired\":true,\"valueName\":\"search_term_string\"}}],\"inLanguage\":\"en-US\"},{\"@type\":\"Person\",\"@id\":\"https:\\\/\\\/giflex.it\\\/#\\\/schema\\\/person\\\/d9e69f409f0f83e24b4b3e2d331a3589\",\"name\":\"ruggero\",\"image\":{\"@type\":\"ImageObject\",\"inLanguage\":\"en-US\",\"@id\":\"https:\\\/\\\/secure.gravatar.com\\\/avatar\\\/3161daf3d18a4a2a6a7cb7e278ccc5dda11e65c90c54e4b3367113765b8182ba?s=96&d=mm&r=g\",\"url\":\"https:\\\/\\\/secure.gravatar.com\\\/avatar\\\/3161daf3d18a4a2a6a7cb7e278ccc5dda11e65c90c54e4b3367113765b8182ba?s=96&d=mm&r=g\",\"contentUrl\":\"https:\\\/\\\/secure.gravatar.com\\\/avatar\\\/3161daf3d18a4a2a6a7cb7e278ccc5dda11e65c90c54e4b3367113765b8182ba?s=96&d=mm&r=g\",\"caption\":\"ruggero\"},\"url\":\"https:\\\/\\\/giflex.it\\\/en\\\/author\\\/ruggero\\\/\"}]}<\/script>\n<!-- \/ Yoast SEO plugin. -->","yoast_head_json":{"title":"Al via la Seconda edizione del Corso di Design E Sostenibilit\u00e0 Imballaggi - Giflex","robots":{"index":"index","follow":"follow","max-snippet":"max-snippet:-1","max-image-preview":"max-image-preview:large","max-video-preview":"max-video-preview:-1"},"canonical":"https:\/\/giflex.it\/2021\/12\/21\/al-via-la-seconda-edizione-del-corso-di-design-e-sostenibilita-imballaggi\/","og_locale":"en_US","og_type":"article","og_title":"Al via la Seconda edizione del Corso di Design E Sostenibilit\u00e0 Imballaggi - Giflex","og_description":"Al via la seconda edizione del Corso di Alta formazione su Design e Sostenibilit\u00e0 degli Imballaggi, espressamente mirata al mondo Packaging. Anche la proposta formativa 2022, ideata da Assografici ed Enipg in stretta collaborazione con il Democenter di Modena e il Dipartimento di Architettura dell\u2019Universit\u00e0 di Bologna, nasce dall\u2019esigenza di rispondere ai profondi cambiamenti e [&hellip;]","og_url":"https:\/\/giflex.it\/2021\/12\/21\/al-via-la-seconda-edizione-del-corso-di-design-e-sostenibilita-imballaggi\/","og_site_name":"Giflex","article_published_time":"2021-12-21T14:01:36+00:00","article_modified_time":"2022-01-20T15:06:10+00:00","og_image":[{"width":474,"height":638,"url":"https:\/\/giflex.it\/wp-content\/uploads\/sites\/5\/2022\/01\/Schermata-2021-12-21-alle-15.00.10.png","type":"image\/png"}],"author":"ruggero","twitter_card":"summary_large_image","twitter_misc":{"Written by":"ruggero","Est. reading time":"2 minutes"},"schema":{"@context":"https:\/\/schema.org","@graph":[{"@type":"Article","@id":"https:\/\/giflex.it\/2021\/12\/21\/al-via-la-seconda-edizione-del-corso-di-design-e-sostenibilita-imballaggi\/#article","isPartOf":{"@id":"https:\/\/giflex.it\/2021\/12\/21\/al-via-la-seconda-edizione-del-corso-di-design-e-sostenibilita-imballaggi\/"},"author":{"name":"ruggero","@id":"https:\/\/giflex.it\/#\/schema\/person\/d9e69f409f0f83e24b4b3e2d331a3589"},"headline":"Al via la Seconda edizione del Corso di Design E Sostenibilit\u00e0 Imballaggi","datePublished":"2021-12-21T14:01:36+00:00","dateModified":"2022-01-20T15:06:10+00:00","mainEntityOfPage":{"@id":"https:\/\/giflex.it\/2021\/12\/21\/al-via-la-seconda-edizione-del-corso-di-design-e-sostenibilita-imballaggi\/"},"wordCount":243,"commentCount":0,"image":{"@id":"https:\/\/giflex.it\/2021\/12\/21\/al-via-la-seconda-edizione-del-corso-di-design-e-sostenibilita-imballaggi\/#primaryimage"},"thumbnailUrl":"https:\/\/giflex.it\/wp-content\/uploads\/sites\/5\/2022\/01\/Schermata-2021-12-21-alle-15.00.10.png","articleSection":["Formazione"],"inLanguage":"en-US"},{"@type":"WebPage","@id":"https:\/\/giflex.it\/2021\/12\/21\/al-via-la-seconda-edizione-del-corso-di-design-e-sostenibilita-imballaggi\/","url":"https:\/\/giflex.it\/2021\/12\/21\/al-via-la-seconda-edizione-del-corso-di-design-e-sostenibilita-imballaggi\/","name":"Al via la Seconda edizione del Corso di Design E Sostenibilit\u00e0 Imballaggi - Giflex","isPartOf":{"@id":"https:\/\/giflex.it\/#website"},"primaryImageOfPage":{"@id":"https:\/\/giflex.it\/2021\/12\/21\/al-via-la-seconda-edizione-del-corso-di-design-e-sostenibilita-imballaggi\/#primaryimage"},"image":{"@id":"https:\/\/giflex.it\/2021\/12\/21\/al-via-la-seconda-edizione-del-corso-di-design-e-sostenibilita-imballaggi\/#primaryimage"},"thumbnailUrl":"https:\/\/giflex.it\/wp-content\/uploads\/sites\/5\/2022\/01\/Schermata-2021-12-21-alle-15.00.10.png","datePublished":"2021-12-21T14:01:36+00:00","dateModified":"2022-01-20T15:06:10+00:00","author":{"@id":"https:\/\/giflex.it\/#\/schema\/person\/d9e69f409f0f83e24b4b3e2d331a3589"},"breadcrumb":{"@id":"https:\/\/giflex.it\/2021\/12\/21\/al-via-la-seconda-edizione-del-corso-di-design-e-sostenibilita-imballaggi\/#breadcrumb"},"inLanguage":"en-US","potentialAction":[{"@type":"ReadAction","target":["https:\/\/giflex.it\/2021\/12\/21\/al-via-la-seconda-edizione-del-corso-di-design-e-sostenibilita-imballaggi\/"]}]},{"@type":"ImageObject","inLanguage":"en-US","@id":"https:\/\/giflex.it\/2021\/12\/21\/al-via-la-seconda-edizione-del-corso-di-design-e-sostenibilita-imballaggi\/#primaryimage","url":"https:\/\/giflex.it\/wp-content\/uploads\/sites\/5\/2022\/01\/Schermata-2021-12-21-alle-15.00.10.png","contentUrl":"https:\/\/giflex.it\/wp-content\/uploads\/sites\/5\/2022\/01\/Schermata-2021-12-21-alle-15.00.10.png","width":474,"height":638},{"@type":"BreadcrumbList","@id":"https:\/\/giflex.it\/2021\/12\/21\/al-via-la-seconda-edizione-del-corso-di-design-e-sostenibilita-imballaggi\/#breadcrumb","itemListElement":[{"@type":"ListItem","position":1,"name":"Home","item":"https:\/\/giflex.it\/"},{"@type":"ListItem","position":2,"name":"Al via la Seconda edizione del Corso di Design E Sostenibilit\u00e0 Imballaggi"}]},{"@type":"WebSite","@id":"https:\/\/giflex.it\/#website","url":"https:\/\/giflex.it\/","name":"Giflex","description":"Italian Flexible Packaging Association","potentialAction":[{"@type":"SearchAction","target":{"@type":"EntryPoint","urlTemplate":"https:\/\/giflex.it\/?s={search_term_string}"},"query-input":{"@type":"PropertyValueSpecification","valueRequired":true,"valueName":"search_term_string"}}],"inLanguage":"en-US"},{"@type":"Person","@id":"https:\/\/giflex.it\/#\/schema\/person\/d9e69f409f0f83e24b4b3e2d331a3589","name":"ruggero","image":{"@type":"ImageObject","inLanguage":"en-US","@id":"https:\/\/secure.gravatar.com\/avatar\/3161daf3d18a4a2a6a7cb7e278ccc5dda11e65c90c54e4b3367113765b8182ba?s=96&d=mm&r=g","url":"https:\/\/secure.gravatar.com\/avatar\/3161daf3d18a4a2a6a7cb7e278ccc5dda11e65c90c54e4b3367113765b8182ba?s=96&d=mm&r=g","contentUrl":"https:\/\/secure.gravatar.com\/avatar\/3161daf3d18a4a2a6a7cb7e278ccc5dda11e65c90c54e4b3367113765b8182ba?s=96&d=mm&r=g","caption":"ruggero"},"url":"https:\/\/giflex.it\/en\/author\/ruggero\/"}]}},"_links":{"self":[{"href":"https:\/\/giflex.it\/en\/wp-json\/wp\/v2\/posts\/2812","targetHints":{"allow":["GET"]}}],"collection":[{"href":"https:\/\/giflex.it\/en\/wp-json\/wp\/v2\/posts"}],"about":[{"href":"https:\/\/giflex.it\/en\/wp-json\/wp\/v2\/types\/post"}],"author":[{"embeddable":true,"href":"https:\/\/giflex.it\/en\/wp-json\/wp\/v2\/users\/8"}],"replies":[{"embeddable":true,"href":"https:\/\/giflex.it\/en\/wp-json\/wp\/v2\/comments?post=2812"}],"version-history":[{"count":1,"href":"https:\/\/giflex.it\/en\/wp-json\/wp\/v2\/posts\/2812\/revisions"}],"predecessor-version":[{"id":2817,"href":"https:\/\/giflex.it\/en\/wp-json\/wp\/v2\/posts\/2812\/revisions\/2817"}],"wp:featuredmedia":[{"embeddable":true,"href":"https:\/\/giflex.it\/en\/wp-json\/wp\/v2\/media\/2813"}],"wp:attachment":[{"href":"https:\/\/giflex.it\/en\/wp-json\/wp\/v2\/media?parent=2812"}],"wp:term":[{"taxonomy":"category","embeddable":true,"href":"https:\/\/giflex.it\/en\/wp-json\/wp\/v2\/categories?post=2812"},{"taxonomy":"post_tag","embeddable":true,"href":"https:\/\/giflex.it\/en\/wp-json\/wp\/v2\/tags?post=2812"},{"taxonomy":"fonte","embeddable":true,"href":"https:\/\/giflex.it\/en\/wp-json\/wp\/v2\/fonte?post=2812"},{"taxonomy":"posizione","embeddable":true,"href":"https:\/\/giflex.it\/en\/wp-json\/wp\/v2\/posizione?post=2812"}],"curies":[{"name":"wp","href":"https:\/\/api.w.org\/{rel}","templated":true}]}}