{"id":11056,"date":"2026-04-28T19:13:43","date_gmt":"2026-04-28T17:13:43","guid":{"rendered":"https:\/\/giflex.it\/?p=11056"},"modified":"2026-04-28T19:13:43","modified_gmt":"2026-04-28T17:13:43","slug":"il-flessibile-sul-podio-del-best-packaging-2026","status":"publish","type":"post","link":"https:\/\/giflex.it\/en\/2026\/04\/28\/il-flessibile-sul-podio-del-best-packaging-2026\/","title":{"rendered":"Il flessibile sul podio del Best Packaging 2026"},"content":{"rendered":"<div id=\"attachment_11057\" style=\"width: 310px\" class=\"wp-caption alignleft\"><img loading=\"lazy\" decoding=\"async\" aria-describedby=\"caption-attachment-11057\" class=\"wp-image-11057 size-medium\" src=\"https:\/\/giflex.it\/wp-content\/uploads\/sites\/5\/2026\/04\/caramelle_bianche_Gerosa-1-1024x572-1-300x168.webp\" alt=\"\" width=\"300\" height=\"168\" \/><p id=\"caption-attachment-11057\" class=\"wp-caption-text\">Paper G TWIST \u2013 Incarto per caramelle, Gerosa<\/p><\/div>\n<p>Giflex si congratula con i Soci Trasformatori <strong>Gerosa e Goglio Group<\/strong> per il premio Best packaging 2026, rispettivamente per Paper G TWIST \u2013 Incarto per caramelle e FRES-COOK: due soluzioni che raccontano la capacit\u00e0 del packaging flessibile di innovare, rispondendo in modo concreto alle sfide del presente e del futuro.<\/p>\n<p>Un prestigioso riconoscimento di Istituto Italiano Imballaggio conferito lo scorso marzo nella cornice dell&#8217;ADI Design Museum di Milano, a progetti capaci di interpretare il packaging come sistema sempre pi\u00f9 orientato alla funzionalit\u00e0, alla sostenibilit\u00e0, alla semplificazione dei materiali e all\u2019attenzione per il fine vita.<\/p>\n<p>Congratulazioni a tutti i premiati per il contributo offerto all\u2019evoluzione del comparto!<\/p>\n<div id=\"attachment_11058\" style=\"width: 310px\" class=\"wp-caption alignnone\"><img loading=\"lazy\" decoding=\"async\" aria-describedby=\"caption-attachment-11058\" class=\"wp-image-11058 size-medium\" src=\"https:\/\/giflex.it\/wp-content\/uploads\/sites\/5\/2026\/04\/Goglio_confezione_fres-cook_ok-1-1024x1009-1-300x296.webp\" alt=\"\" width=\"300\" height=\"296\" \/><p id=\"caption-attachment-11058\" class=\"wp-caption-text\">FRES-COOK, Goglio Group<\/p><\/div>\n","protected":false},"excerpt":{"rendered":"<p>Giflex si congratula con i Soci Trasformatori Gerosa e Goglio Group per il premio Best packaging 2026, rispettivamente per Paper G TWIST \u2013 Incarto per caramelle e FRES-COOK: due soluzioni che raccontano la capacit\u00e0 del packaging flessibile di innovare, rispondendo in modo concreto alle sfide del presente e del futuro. Un prestigioso riconoscimento di Istituto [&hellip;]<\/p>\n","protected":false},"author":9,"featured_media":11057,"comment_status":"closed","ping_status":"closed","sticky":false,"template":"","format":"standard","meta":{"_acf_changed":false,"_et_pb_use_builder":"","_et_pb_old_content":"","_et_gb_content_width":"","inline_featured_image":false,"footnotes":""},"categories":[224],"tags":[],"fonte":[174],"posizione":[7],"class_list":["post-11056","post","type-post","status-publish","format-standard","has-post-thumbnail","hentry","category-award","fonte-giflex","posizione-news-giflex"],"acf":[],"yoast_head":"<!-- This site is optimized with the Yoast SEO plugin v27.5 - https:\/\/yoast.com\/product\/yoast-seo-wordpress\/ -->\n<title>Il flessibile sul podio del Best Packaging 2026 - Giflex<\/title>\n<meta name=\"robots\" content=\"index, follow, max-snippet:-1, max-image-preview:large, max-video-preview:-1\" \/>\n<link rel=\"canonical\" href=\"https:\/\/giflex.it\/2026\/04\/28\/il-flessibile-sul-podio-del-best-packaging-2026\/\" \/>\n<meta property=\"og:locale\" content=\"en_US\" \/>\n<meta property=\"og:type\" content=\"article\" \/>\n<meta property=\"og:title\" content=\"Il flessibile sul podio del Best Packaging 2026 - Giflex\" \/>\n<meta property=\"og:description\" content=\"Giflex si congratula con i Soci Trasformatori Gerosa e Goglio Group per il premio Best packaging 2026, rispettivamente per Paper G TWIST \u2013 Incarto per caramelle e FRES-COOK: due soluzioni che raccontano la capacit\u00e0 del packaging flessibile di innovare, rispondendo in modo concreto alle sfide del presente e del futuro. Un prestigioso riconoscimento di Istituto [&hellip;]\" \/>\n<meta property=\"og:url\" content=\"https:\/\/giflex.it\/2026\/04\/28\/il-flessibile-sul-podio-del-best-packaging-2026\/\" \/>\n<meta property=\"og:site_name\" content=\"Giflex\" \/>\n<meta property=\"article:published_time\" content=\"2026-04-28T17:13:43+00:00\" \/>\n<meta property=\"og:image\" content=\"https:\/\/giflex.it\/wp-content\/uploads\/sites\/5\/2026\/04\/caramelle_bianche_Gerosa-1-1024x572-1.webp\" \/>\n\t<meta property=\"og:image:width\" content=\"1024\" \/>\n\t<meta property=\"og:image:height\" content=\"572\" \/>\n\t<meta property=\"og:image:type\" content=\"image\/webp\" \/>\n<meta name=\"author\" content=\"elena\" \/>\n<meta name=\"twitter:card\" content=\"summary_large_image\" \/>\n<meta name=\"twitter:label1\" content=\"Written by\" \/>\n\t<meta name=\"twitter:data1\" content=\"elena\" \/>\n\t<meta name=\"twitter:label2\" content=\"Est. reading time\" \/>\n\t<meta name=\"twitter:data2\" content=\"2 minutes\" \/>\n<script type=\"application\/ld+json\" class=\"yoast-schema-graph\">{\"@context\":\"https:\\\/\\\/schema.org\",\"@graph\":[{\"@type\":\"Article\",\"@id\":\"https:\\\/\\\/giflex.it\\\/2026\\\/04\\\/28\\\/il-flessibile-sul-podio-del-best-packaging-2026\\\/#article\",\"isPartOf\":{\"@id\":\"https:\\\/\\\/giflex.it\\\/2026\\\/04\\\/28\\\/il-flessibile-sul-podio-del-best-packaging-2026\\\/\"},\"author\":{\"name\":\"elena\",\"@id\":\"https:\\\/\\\/giflex.it\\\/#\\\/schema\\\/person\\\/41056efa2ab4cc1ae4953882b8ec42d6\"},\"headline\":\"Il flessibile sul podio del Best Packaging 2026\",\"datePublished\":\"2026-04-28T17:13:43+00:00\",\"mainEntityOfPage\":{\"@id\":\"https:\\\/\\\/giflex.it\\\/2026\\\/04\\\/28\\\/il-flessibile-sul-podio-del-best-packaging-2026\\\/\"},\"wordCount\":138,\"image\":{\"@id\":\"https:\\\/\\\/giflex.it\\\/2026\\\/04\\\/28\\\/il-flessibile-sul-podio-del-best-packaging-2026\\\/#primaryimage\"},\"thumbnailUrl\":\"https:\\\/\\\/giflex.it\\\/wp-content\\\/uploads\\\/sites\\\/5\\\/2026\\\/04\\\/caramelle_bianche_Gerosa-1-1024x572-1.webp\",\"articleSection\":[\"Award\"],\"inLanguage\":\"en-US\"},{\"@type\":\"WebPage\",\"@id\":\"https:\\\/\\\/giflex.it\\\/2026\\\/04\\\/28\\\/il-flessibile-sul-podio-del-best-packaging-2026\\\/\",\"url\":\"https:\\\/\\\/giflex.it\\\/2026\\\/04\\\/28\\\/il-flessibile-sul-podio-del-best-packaging-2026\\\/\",\"name\":\"Il flessibile sul podio del Best Packaging 2026 - Giflex\",\"isPartOf\":{\"@id\":\"https:\\\/\\\/giflex.it\\\/#website\"},\"primaryImageOfPage\":{\"@id\":\"https:\\\/\\\/giflex.it\\\/2026\\\/04\\\/28\\\/il-flessibile-sul-podio-del-best-packaging-2026\\\/#primaryimage\"},\"image\":{\"@id\":\"https:\\\/\\\/giflex.it\\\/2026\\\/04\\\/28\\\/il-flessibile-sul-podio-del-best-packaging-2026\\\/#primaryimage\"},\"thumbnailUrl\":\"https:\\\/\\\/giflex.it\\\/wp-content\\\/uploads\\\/sites\\\/5\\\/2026\\\/04\\\/caramelle_bianche_Gerosa-1-1024x572-1.webp\",\"datePublished\":\"2026-04-28T17:13:43+00:00\",\"author\":{\"@id\":\"https:\\\/\\\/giflex.it\\\/#\\\/schema\\\/person\\\/41056efa2ab4cc1ae4953882b8ec42d6\"},\"breadcrumb\":{\"@id\":\"https:\\\/\\\/giflex.it\\\/2026\\\/04\\\/28\\\/il-flessibile-sul-podio-del-best-packaging-2026\\\/#breadcrumb\"},\"inLanguage\":\"en-US\",\"potentialAction\":[{\"@type\":\"ReadAction\",\"target\":[\"https:\\\/\\\/giflex.it\\\/2026\\\/04\\\/28\\\/il-flessibile-sul-podio-del-best-packaging-2026\\\/\"]}]},{\"@type\":\"ImageObject\",\"inLanguage\":\"en-US\",\"@id\":\"https:\\\/\\\/giflex.it\\\/2026\\\/04\\\/28\\\/il-flessibile-sul-podio-del-best-packaging-2026\\\/#primaryimage\",\"url\":\"https:\\\/\\\/giflex.it\\\/wp-content\\\/uploads\\\/sites\\\/5\\\/2026\\\/04\\\/caramelle_bianche_Gerosa-1-1024x572-1.webp\",\"contentUrl\":\"https:\\\/\\\/giflex.it\\\/wp-content\\\/uploads\\\/sites\\\/5\\\/2026\\\/04\\\/caramelle_bianche_Gerosa-1-1024x572-1.webp\",\"width\":1024,\"height\":572},{\"@type\":\"BreadcrumbList\",\"@id\":\"https:\\\/\\\/giflex.it\\\/2026\\\/04\\\/28\\\/il-flessibile-sul-podio-del-best-packaging-2026\\\/#breadcrumb\",\"itemListElement\":[{\"@type\":\"ListItem\",\"position\":1,\"name\":\"Home\",\"item\":\"https:\\\/\\\/giflex.it\\\/\"},{\"@type\":\"ListItem\",\"position\":2,\"name\":\"Il flessibile sul podio del Best Packaging 2026\"}]},{\"@type\":\"WebSite\",\"@id\":\"https:\\\/\\\/giflex.it\\\/#website\",\"url\":\"https:\\\/\\\/giflex.it\\\/\",\"name\":\"Giflex\",\"description\":\"Italian Flexible Packaging Association\",\"potentialAction\":[{\"@type\":\"SearchAction\",\"target\":{\"@type\":\"EntryPoint\",\"urlTemplate\":\"https:\\\/\\\/giflex.it\\\/?s={search_term_string}\"},\"query-input\":{\"@type\":\"PropertyValueSpecification\",\"valueRequired\":true,\"valueName\":\"search_term_string\"}}],\"inLanguage\":\"en-US\"},{\"@type\":\"Person\",\"@id\":\"https:\\\/\\\/giflex.it\\\/#\\\/schema\\\/person\\\/41056efa2ab4cc1ae4953882b8ec42d6\",\"name\":\"elena\",\"image\":{\"@type\":\"ImageObject\",\"inLanguage\":\"en-US\",\"@id\":\"https:\\\/\\\/secure.gravatar.com\\\/avatar\\\/d525111e4e1ae5a4d80e26ec00a9d4a6b805b9bc83c81680c793b7ffc261ca2b?s=96&d=mm&r=g\",\"url\":\"https:\\\/\\\/secure.gravatar.com\\\/avatar\\\/d525111e4e1ae5a4d80e26ec00a9d4a6b805b9bc83c81680c793b7ffc261ca2b?s=96&d=mm&r=g\",\"contentUrl\":\"https:\\\/\\\/secure.gravatar.com\\\/avatar\\\/d525111e4e1ae5a4d80e26ec00a9d4a6b805b9bc83c81680c793b7ffc261ca2b?s=96&d=mm&r=g\",\"caption\":\"elena\"},\"url\":\"https:\\\/\\\/giflex.it\\\/en\\\/author\\\/elena\\\/\"}]}<\/script>\n<!-- \/ Yoast SEO plugin. -->","yoast_head_json":{"title":"Il flessibile sul podio del Best Packaging 2026 - Giflex","robots":{"index":"index","follow":"follow","max-snippet":"max-snippet:-1","max-image-preview":"max-image-preview:large","max-video-preview":"max-video-preview:-1"},"canonical":"https:\/\/giflex.it\/2026\/04\/28\/il-flessibile-sul-podio-del-best-packaging-2026\/","og_locale":"en_US","og_type":"article","og_title":"Il flessibile sul podio del Best Packaging 2026 - Giflex","og_description":"Giflex si congratula con i Soci Trasformatori Gerosa e Goglio Group per il premio Best packaging 2026, rispettivamente per Paper G TWIST \u2013 Incarto per caramelle e FRES-COOK: due soluzioni che raccontano la capacit\u00e0 del packaging flessibile di innovare, rispondendo in modo concreto alle sfide del presente e del futuro. Un prestigioso riconoscimento di Istituto [&hellip;]","og_url":"https:\/\/giflex.it\/2026\/04\/28\/il-flessibile-sul-podio-del-best-packaging-2026\/","og_site_name":"Giflex","article_published_time":"2026-04-28T17:13:43+00:00","og_image":[{"width":1024,"height":572,"url":"https:\/\/giflex.it\/wp-content\/uploads\/sites\/5\/2026\/04\/caramelle_bianche_Gerosa-1-1024x572-1.webp","type":"image\/webp"}],"author":"elena","twitter_card":"summary_large_image","twitter_misc":{"Written by":"elena","Est. reading time":"2 minutes"},"schema":{"@context":"https:\/\/schema.org","@graph":[{"@type":"Article","@id":"https:\/\/giflex.it\/2026\/04\/28\/il-flessibile-sul-podio-del-best-packaging-2026\/#article","isPartOf":{"@id":"https:\/\/giflex.it\/2026\/04\/28\/il-flessibile-sul-podio-del-best-packaging-2026\/"},"author":{"name":"elena","@id":"https:\/\/giflex.it\/#\/schema\/person\/41056efa2ab4cc1ae4953882b8ec42d6"},"headline":"Il flessibile sul podio del Best Packaging 2026","datePublished":"2026-04-28T17:13:43+00:00","mainEntityOfPage":{"@id":"https:\/\/giflex.it\/2026\/04\/28\/il-flessibile-sul-podio-del-best-packaging-2026\/"},"wordCount":138,"image":{"@id":"https:\/\/giflex.it\/2026\/04\/28\/il-flessibile-sul-podio-del-best-packaging-2026\/#primaryimage"},"thumbnailUrl":"https:\/\/giflex.it\/wp-content\/uploads\/sites\/5\/2026\/04\/caramelle_bianche_Gerosa-1-1024x572-1.webp","articleSection":["Award"],"inLanguage":"en-US"},{"@type":"WebPage","@id":"https:\/\/giflex.it\/2026\/04\/28\/il-flessibile-sul-podio-del-best-packaging-2026\/","url":"https:\/\/giflex.it\/2026\/04\/28\/il-flessibile-sul-podio-del-best-packaging-2026\/","name":"Il flessibile sul podio del Best Packaging 2026 - Giflex","isPartOf":{"@id":"https:\/\/giflex.it\/#website"},"primaryImageOfPage":{"@id":"https:\/\/giflex.it\/2026\/04\/28\/il-flessibile-sul-podio-del-best-packaging-2026\/#primaryimage"},"image":{"@id":"https:\/\/giflex.it\/2026\/04\/28\/il-flessibile-sul-podio-del-best-packaging-2026\/#primaryimage"},"thumbnailUrl":"https:\/\/giflex.it\/wp-content\/uploads\/sites\/5\/2026\/04\/caramelle_bianche_Gerosa-1-1024x572-1.webp","datePublished":"2026-04-28T17:13:43+00:00","author":{"@id":"https:\/\/giflex.it\/#\/schema\/person\/41056efa2ab4cc1ae4953882b8ec42d6"},"breadcrumb":{"@id":"https:\/\/giflex.it\/2026\/04\/28\/il-flessibile-sul-podio-del-best-packaging-2026\/#breadcrumb"},"inLanguage":"en-US","potentialAction":[{"@type":"ReadAction","target":["https:\/\/giflex.it\/2026\/04\/28\/il-flessibile-sul-podio-del-best-packaging-2026\/"]}]},{"@type":"ImageObject","inLanguage":"en-US","@id":"https:\/\/giflex.it\/2026\/04\/28\/il-flessibile-sul-podio-del-best-packaging-2026\/#primaryimage","url":"https:\/\/giflex.it\/wp-content\/uploads\/sites\/5\/2026\/04\/caramelle_bianche_Gerosa-1-1024x572-1.webp","contentUrl":"https:\/\/giflex.it\/wp-content\/uploads\/sites\/5\/2026\/04\/caramelle_bianche_Gerosa-1-1024x572-1.webp","width":1024,"height":572},{"@type":"BreadcrumbList","@id":"https:\/\/giflex.it\/2026\/04\/28\/il-flessibile-sul-podio-del-best-packaging-2026\/#breadcrumb","itemListElement":[{"@type":"ListItem","position":1,"name":"Home","item":"https:\/\/giflex.it\/"},{"@type":"ListItem","position":2,"name":"Il flessibile sul podio del Best Packaging 2026"}]},{"@type":"WebSite","@id":"https:\/\/giflex.it\/#website","url":"https:\/\/giflex.it\/","name":"Giflex","description":"Italian Flexible Packaging Association","potentialAction":[{"@type":"SearchAction","target":{"@type":"EntryPoint","urlTemplate":"https:\/\/giflex.it\/?s={search_term_string}"},"query-input":{"@type":"PropertyValueSpecification","valueRequired":true,"valueName":"search_term_string"}}],"inLanguage":"en-US"},{"@type":"Person","@id":"https:\/\/giflex.it\/#\/schema\/person\/41056efa2ab4cc1ae4953882b8ec42d6","name":"elena","image":{"@type":"ImageObject","inLanguage":"en-US","@id":"https:\/\/secure.gravatar.com\/avatar\/d525111e4e1ae5a4d80e26ec00a9d4a6b805b9bc83c81680c793b7ffc261ca2b?s=96&d=mm&r=g","url":"https:\/\/secure.gravatar.com\/avatar\/d525111e4e1ae5a4d80e26ec00a9d4a6b805b9bc83c81680c793b7ffc261ca2b?s=96&d=mm&r=g","contentUrl":"https:\/\/secure.gravatar.com\/avatar\/d525111e4e1ae5a4d80e26ec00a9d4a6b805b9bc83c81680c793b7ffc261ca2b?s=96&d=mm&r=g","caption":"elena"},"url":"https:\/\/giflex.it\/en\/author\/elena\/"}]}},"_links":{"self":[{"href":"https:\/\/giflex.it\/en\/wp-json\/wp\/v2\/posts\/11056","targetHints":{"allow":["GET"]}}],"collection":[{"href":"https:\/\/giflex.it\/en\/wp-json\/wp\/v2\/posts"}],"about":[{"href":"https:\/\/giflex.it\/en\/wp-json\/wp\/v2\/types\/post"}],"author":[{"embeddable":true,"href":"https:\/\/giflex.it\/en\/wp-json\/wp\/v2\/users\/9"}],"replies":[{"embeddable":true,"href":"https:\/\/giflex.it\/en\/wp-json\/wp\/v2\/comments?post=11056"}],"version-history":[{"count":1,"href":"https:\/\/giflex.it\/en\/wp-json\/wp\/v2\/posts\/11056\/revisions"}],"predecessor-version":[{"id":11059,"href":"https:\/\/giflex.it\/en\/wp-json\/wp\/v2\/posts\/11056\/revisions\/11059"}],"wp:featuredmedia":[{"embeddable":true,"href":"https:\/\/giflex.it\/en\/wp-json\/wp\/v2\/media\/11057"}],"wp:attachment":[{"href":"https:\/\/giflex.it\/en\/wp-json\/wp\/v2\/media?parent=11056"}],"wp:term":[{"taxonomy":"category","embeddable":true,"href":"https:\/\/giflex.it\/en\/wp-json\/wp\/v2\/categories?post=11056"},{"taxonomy":"post_tag","embeddable":true,"href":"https:\/\/giflex.it\/en\/wp-json\/wp\/v2\/tags?post=11056"},{"taxonomy":"fonte","embeddable":true,"href":"https:\/\/giflex.it\/en\/wp-json\/wp\/v2\/fonte?post=11056"},{"taxonomy":"posizione","embeddable":true,"href":"https:\/\/giflex.it\/en\/wp-json\/wp\/v2\/posizione?post=11056"}],"curies":[{"name":"wp","href":"https:\/\/api.w.org\/{rel}","templated":true}]}}